{"id":10721,"date":"2013-05-01T00:24:09","date_gmt":"2013-04-30T22:24:09","guid":{"rendered":"https:\/\/www.forum-soegel.de\/information\/?p=10721"},"modified":"2013-04-28T22:26:36","modified_gmt":"2013-04-28T20:26:36","slug":"jahreshauptversammlung-des-fordervereins-der-schule-am-schloss","status":"publish","type":"post","link":"https:\/\/www.forum-soegel.de\/information\/2013\/05\/jahreshauptversammlung-des-fordervereins-der-schule-am-schloss\/","title":{"rendered":"Jahreshauptversammlung des F\u00f6rdervereins der Schule am Schloss"},"content":{"rendered":"<p>Auf der Jahreshauptversammlung des F\u00f6rdervereins der Schule am Schloss hielt Vorsitzender Theo L\u00fcke zun\u00e4chst \u00a0R\u00fcckblick auf ein erfolgreiches Jahr mit vielen Aktivit\u00e4ten. \u00a0Ein Schwerpunkt sei wieder die Gewinnung von neuen Mitgliedern gewesen, erkl\u00e4rte L\u00fcke und so zeigte sich der Vorstand auch erfreut dar\u00fcber, dass 40 neue Mitglieder gewonnen werden konnten, \u201ewobei nat\u00fcrlich auch wieder viele abspringen, sobald die Kinder nicht mehr die Schule besuchen\u201c, betonte L\u00fcke.\u00a0 Zurzeit habe der F\u00f6rderverein 170 Mitglieder.<\/p>\n<p>Wichtig sei es aber auch, die zuk\u00fcnftige Arbeit des F\u00f6rdervereins zu sichern. Man sei darauf angewiesen, immer wieder neue interessierte und engagierte Eltern und andere Personen aus dem Umfeld der Schule zu finden, die im F\u00f6rderverein im Vorstand mitarbeiten, f\u00fcgte L\u00fcke hinzu.<\/p>\n<p>Kassenwartin Heike Jackst\u00e4dt berichtete, dass sich das Guthaben des F\u00f6rdervereins derzeit auf 6.400,00 \u20ac belaufe. \u00a0Einnahmen h\u00e4tte es u.a. gegeben durch die Mitgliederbeitr\u00e4ge oder \u00a0Spenden von verschiedenen Banken und Firmen.<\/p>\n<p>Ausgegeben wurden Gelder f\u00fcr verschiedene Anschaffungen und Projekte\u00a0 wie z.B. :Gartenb\u00e4nke im Schulgarten, Deeskalationstraining der 7.Klassen,\u00a0 Farben f\u00fcr den Ganztagsbereich, Pokale f\u00fcr verschiedene Veranstaltungen, Fu\u00dfballnetz, Fu\u00dfballtrikots f\u00fcr verschiedene Wettbewerbe , Medien-Lernkoffer f\u00fcr das Fach Religion, Geschicklichkeitsspiele f\u00fcr die Ganztagsbetreuung, einen Zuschuss zur Juleica-Schulung f\u00fcr mehrere Sch\u00fcler der oberen Jahrg\u00e4nge sowie einen Zuschuss f\u00fcr das Projekt Space-Limit (Training im Umgang mit dem Internet).<\/p>\n<p>Die Fahrt der erfolgreichen Basketballmannschaft der Schule am Schloss zur 1. Bundesliga am 10.04.2013 mit ihrem Teamer Sebastian Straeck \u2013 Schulsozialarbeiter &#8211; \u00a0sei ebenfalls \u00a0vom F\u00f6rderverein bezuschusst worden.<\/p>\n<p>Die Kassenpr\u00fcferinnen Frau Berghaus und Frau Eilermann best\u00e4tigten eine ordnungsgem\u00e4\u00dfe Kassenf\u00fchrung und stellten den Antrag auf Entlastung des Vorstandes.<\/p>\n<p>Vorsitzender Theo L\u00fcke teilte weiter mit, dass f\u00fcr das Jahr 2013 \u00a0eine Bezuschussung f\u00fcr die \u00a0Neuanlegung eines Teiches im hinteren Schulhofbereich angedacht\u00a0 sei. Inzwischen l\u00e4gen dem F\u00f6rderverein\u00a0 auch schon weitere Antr\u00e4ge aus der Schule vor.<\/p>\n<p>Schulleiterin Maria Lau bedankte sich bei den Vorstandsmitgliedern f\u00fcr das gro\u00dfe Engagement und die gute Zusammenarbeit.<\/p>\n<p>Text\/Foto: Gisela Arling<\/p>\n<div id=\"attachment_10722\" style=\"width: 310px\" class=\"wp-caption alignnone\"><a href=\"https:\/\/www.forum-soegel.de\/information\/wp-content\/uploads\/2013\/04\/Jahreshauptversammlung-des-F\u00f6rdervereins-der-Schule-am-Schloss.jpg\"><img loading=\"lazy\" decoding=\"async\" aria-describedby=\"caption-attachment-10722\" class=\"size-medium wp-image-10722\" title=\"Jahreshauptversammlung des F\u00f6rdervereins der Schule am Schloss\" src=\"https:\/\/www.forum-soegel.de\/information\/wp-content\/uploads\/2013\/04\/Jahreshauptversammlung-des-F\u00f6rdervereins-der-Schule-am-Schloss-300x154.jpg\" alt=\"\" width=\"300\" height=\"154\" srcset=\"https:\/\/www.forum-soegel.de\/information\/wp-content\/uploads\/2013\/04\/Jahreshauptversammlung-des-F\u00f6rdervereins-der-Schule-am-Schloss-300x154.jpg 300w, https:\/\/www.forum-soegel.de\/information\/wp-content\/uploads\/2013\/04\/Jahreshauptversammlung-des-F\u00f6rdervereins-der-Schule-am-Schloss.jpg 1024w\" sizes=\"auto, (max-width: 300px) 100vw, 300px\" \/><\/a><p id=\"caption-attachment-10722\" class=\"wp-caption-text\">v.l. vorne Berthold K\u00e4ser, Theo L\u00fcke, Monika Lammers, Maria Borchers, hintere Reihe: Schulleiterin Maria Lau, Heike Jackst\u00e4dt, Annette Stemmer, Monika Berghaus, Angela Eilermann, Andreas Beckering, J\u00fcrgen Jansen<\/p><\/div>\n","protected":false},"excerpt":{"rendered":"Auf der Jahreshauptversammlung des F\u00f6rdervereins der Schule am Schloss hielt Vorsitzender Theo L\u00fcke zun\u00e4chst \u00a0R\u00fcckblick auf ein erfolgreiches Jahr mit vielen Aktivit\u00e4ten. \u00a0Ein Schwerpunkt sei wieder die Gewinnung von neuen Mitgliedern gewesen, erkl\u00e4rte L\u00fcke und so zeigte sich der Vorstand auch erfreut dar\u00fcber, dass 40 neue Mitglieder gewonnen werden konnten, \u201ewobei nat\u00fcrlich auch wieder viele [&hellip;]\n","protected":false},"author":2,"featured_media":0,"comment_status":"closed","ping_status":"closed","sticky":false,"template":"","format":"standard","meta":{"ngg_post_thumbnail":0,"footnotes":""},"categories":[6],"tags":[],"class_list":["post-10721","post","type-post","status-publish","format-standard","hentry","category-aus-der-schule-geplaudert"],"_links":{"self":[{"href":"https:\/\/www.forum-soegel.de\/information\/wp-json\/wp\/v2\/posts\/10721","targetHints":{"allow":["GET"]}}],"collection":[{"href":"https:\/\/www.forum-soegel.de\/information\/wp-json\/wp\/v2\/posts"}],"about":[{"href":"https:\/\/www.forum-soegel.de\/information\/wp-json\/wp\/v2\/types\/post"}],"author":[{"embeddable":true,"href":"https:\/\/www.forum-soegel.de\/information\/wp-json\/wp\/v2\/users\/2"}],"replies":[{"embeddable":true,"href":"https:\/\/www.forum-soegel.de\/information\/wp-json\/wp\/v2\/comments?post=10721"}],"version-history":[{"count":1,"href":"https:\/\/www.forum-soegel.de\/information\/wp-json\/wp\/v2\/posts\/10721\/revisions"}],"predecessor-version":[{"id":10723,"href":"https:\/\/www.forum-soegel.de\/information\/wp-json\/wp\/v2\/posts\/10721\/revisions\/10723"}],"wp:attachment":[{"href":"https:\/\/www.forum-soegel.de\/information\/wp-json\/wp\/v2\/media?parent=10721"}],"wp:term":[{"taxonomy":"category","embeddable":true,"href":"https:\/\/www.forum-soegel.de\/information\/wp-json\/wp\/v2\/categories?post=10721"},{"taxonomy":"post_tag","embeddable":true,"href":"https:\/\/www.forum-soegel.de\/information\/wp-json\/wp\/v2\/tags?post=10721"}],"curies":[{"name":"wp","href":"https:\/\/api.w.org\/{rel}","templated":true}]}}