{"id":10718,"date":"2013-05-01T00:21:29","date_gmt":"2013-04-30T22:21:29","guid":{"rendered":"https:\/\/www.forum-soegel.de\/information\/?p=10718"},"modified":"2013-04-28T22:23:48","modified_gmt":"2013-04-28T20:23:48","slug":"schule-am-schloss-schliest-weitere-kooperation","status":"publish","type":"post","link":"https:\/\/www.forum-soegel.de\/information\/2013\/05\/schule-am-schloss-schliest-weitere-kooperation\/","title":{"rendered":"Schule am Schloss schlie\u00dft weitere Kooperation"},"content":{"rendered":"<p>S\u00f6gel &#8211; Die Schule am Schloss sucht weiter verst\u00e4rkt die N\u00e4he zu externen Partnern, um ihre Sch\u00fclerinnen und Sch\u00fcler noch besser auf das Berufsleben vorzubereiten. Nachdem die Oberschule bereits vor einiger Zeit einen Kooperationsvertrag mit der AOK Krankenkasse geschlossen hatte, wurde nun auch eine Kooperation mit der UPM Nordland Papier GmbH aus D\u00f6rpen vereinbart. Zur Unterzeichnung des Vertrages durch die Schulleiterin Maria Lau und den Ausbildungsleiter Werner Kremer von der UPM Nordland Papier kam es auf der ersten lokalen Ausbildungsb\u00f6rse in S\u00f6gel, die vom Verein \u201eChance: Azubi\u201c, dem Wirtschaftsverband S\u00f6gel und den S\u00f6geler Schulen organisiert wurde.<\/p>\n<p>\u201eDieser Kooperationsvertrag ist ein weiterer, wichtiger Baustein in unserem Berufsvorbereitungskonzept\u201c, so Maria Lau. Die Vereinbarung sieht u.a. vor, dass die Sch\u00fclerinnen und Sch\u00fcler ihre eigenen Vorstellungen von der Arbeitswelt in Beratungsgespr\u00e4chen mit Mitarbeitern der \u00a0UPM Nordland Papier \u00fcberpr\u00fcfen. Dies soll insbesondere den Realsch\u00fclerinnen und Realsch\u00fclern bei der Profilfachwahl helfen. Zudem erhalten die Sch\u00fclerinnen und Sch\u00fcler die M\u00f6glichkeit, ein Praktikum zu absolvieren oder Betriebsbesichtigungen durchzuf\u00fchren. Dar\u00fcber hinaus f\u00fchrt UPM Nordland Papier in Kooperation mit der AOK Krankenkasse einmal j\u00e4hrlich in den 9. und 10. Klassen ein Bewerbungstraining durch.<\/p>\n<p>F\u00fcr die Schule stelle der Blick in die Arbeitswelt einen besonderen Gewinn dar, so AWT-Fachkonferenzleiter Uwe Hoormann. \u201e Unsere Sch\u00fclerinnen und Sch\u00fcler k\u00f6nnen nun noch konkreter erfahren, welche Anforderungen in der nahen Zukunft an sie gestellt werden. Auch glauben Sch\u00fclerinnen und Sch\u00fcler oft mehr den Fachleuten als ihren Lehrern und Eltern, wenn detaillierte Einblicke und Perspektiven\u00a0 vermittelt werden.<\/p>\n<p>Text\/Foto: Ingrid Cloppenburg<\/p>\n<div id=\"attachment_10719\" style=\"width: 310px\" class=\"wp-caption alignnone\"><a href=\"https:\/\/www.forum-soegel.de\/information\/wp-content\/uploads\/2013\/04\/Schule-am-Schloss-schlie\u00dft-weitere-Kooperation.jpg\"><img loading=\"lazy\" decoding=\"async\" aria-describedby=\"caption-attachment-10719\" class=\"size-medium wp-image-10719\" title=\"Schule am Schloss schlie\u00dft weitere Kooperation\" src=\"https:\/\/www.forum-soegel.de\/information\/wp-content\/uploads\/2013\/04\/Schule-am-Schloss-schlie\u00dft-weitere-Kooperation-300x225.jpg\" alt=\"\" width=\"300\" height=\"225\" srcset=\"https:\/\/www.forum-soegel.de\/information\/wp-content\/uploads\/2013\/04\/Schule-am-Schloss-schlie\u00dft-weitere-Kooperation-300x225.jpg 300w, https:\/\/www.forum-soegel.de\/information\/wp-content\/uploads\/2013\/04\/Schule-am-Schloss-schlie\u00dft-weitere-Kooperation.jpg 1024w\" sizes=\"auto, (max-width: 300px) 100vw, 300px\" \/><\/a><p id=\"caption-attachment-10719\" class=\"wp-caption-text\">v.l. Fachlehrer Hubert Schol\u00fcbbers, Schulleiterin Maria Lau, Werner Kremer (Chance: Azubi) und AWT-Fachkonferenzleiter Uwe Hoormann.<\/p><\/div>\n","protected":false},"excerpt":{"rendered":"S\u00f6gel &#8211; Die Schule am Schloss sucht weiter verst\u00e4rkt die N\u00e4he zu externen Partnern, um ihre Sch\u00fclerinnen und Sch\u00fcler noch besser auf das Berufsleben vorzubereiten. Nachdem die Oberschule bereits vor einiger Zeit einen Kooperationsvertrag mit der AOK Krankenkasse geschlossen hatte, wurde nun auch eine Kooperation mit der UPM Nordland Papier GmbH aus D\u00f6rpen vereinbart. Zur [&hellip;]\n","protected":false},"author":2,"featured_media":0,"comment_status":"closed","ping_status":"closed","sticky":false,"template":"","format":"standard","meta":{"ngg_post_thumbnail":0,"footnotes":""},"categories":[6],"tags":[],"class_list":["post-10718","post","type-post","status-publish","format-standard","hentry","category-aus-der-schule-geplaudert"],"_links":{"self":[{"href":"https:\/\/www.forum-soegel.de\/information\/wp-json\/wp\/v2\/posts\/10718","targetHints":{"allow":["GET"]}}],"collection":[{"href":"https:\/\/www.forum-soegel.de\/information\/wp-json\/wp\/v2\/posts"}],"about":[{"href":"https:\/\/www.forum-soegel.de\/information\/wp-json\/wp\/v2\/types\/post"}],"author":[{"embeddable":true,"href":"https:\/\/www.forum-soegel.de\/information\/wp-json\/wp\/v2\/users\/2"}],"replies":[{"embeddable":true,"href":"https:\/\/www.forum-soegel.de\/information\/wp-json\/wp\/v2\/comments?post=10718"}],"version-history":[{"count":1,"href":"https:\/\/www.forum-soegel.de\/information\/wp-json\/wp\/v2\/posts\/10718\/revisions"}],"predecessor-version":[{"id":10720,"href":"https:\/\/www.forum-soegel.de\/information\/wp-json\/wp\/v2\/posts\/10718\/revisions\/10720"}],"wp:attachment":[{"href":"https:\/\/www.forum-soegel.de\/information\/wp-json\/wp\/v2\/media?parent=10718"}],"wp:term":[{"taxonomy":"category","embeddable":true,"href":"https:\/\/www.forum-soegel.de\/information\/wp-json\/wp\/v2\/categories?post=10718"},{"taxonomy":"post_tag","embeddable":true,"href":"https:\/\/www.forum-soegel.de\/information\/wp-json\/wp\/v2\/tags?post=10718"}],"curies":[{"name":"wp","href":"https:\/\/api.w.org\/{rel}","templated":true}]}}