{"id":10714,"date":"2013-05-01T00:18:13","date_gmt":"2013-04-30T22:18:13","guid":{"rendered":"https:\/\/www.forum-soegel.de\/information\/?p=10714"},"modified":"2013-04-28T22:21:24","modified_gmt":"2013-04-28T20:21:24","slug":"grundschultag-an-der-oberschule-sogel","status":"publish","type":"post","link":"https:\/\/www.forum-soegel.de\/information\/2013\/05\/grundschultag-an-der-oberschule-sogel\/","title":{"rendered":"Grundschultag an der Oberschule S\u00f6gel"},"content":{"rendered":"<p>S\u00f6gel &#8211; Schulleiterin Maria Lau\u00a0 hatte wieder alle Grundsch\u00fcler der Samtgemeinde S\u00f6gel\u00a0 mit ihren Klassenlehrern und Eltern zum Schnuppertag in die Oberschule- Schule am Schloss- eingeladen. Bevor sie die kleinen und gro\u00dfen G\u00e4ste begr\u00fc\u00dfen konnte, gab die Sch\u00fclerband unter der Leitung von J\u00fcrgen Jansen und Michael Peters eine flotte Musikeinlage.<\/p>\n<p>Danach wurden die neugierigen M\u00e4dchen und Jungen von Sch\u00fclerlotsen der Klasse R10a unter der Leitung von Frau Jellinghaus in den Unterricht und im Anschluss daran \u00a0durch das Geb\u00e4ude gef\u00fchrt. Dabei machten sie Halt an verschiedenen Stationen, an denen es zum Beispiel \u00a0Einblicke in die Robotertechnik gab, die Frau Schmit mit Sch\u00fclern des Profilfaches Werken vorstellte.<\/p>\n<p>Im Chemieraum und im Physikraum durften die Grundsch\u00fcler bei Frau Fortwengel und Frau Untiedt mit Sch\u00fclern der Klassen 10 experimentieren. \u00a0Im Computerraum gab es unter Leitung von Herrn Deters und Sch\u00fclern der 7. und 8. Klassen Einblicke in die verschiedenen Lernprogramme an den 32 vorhandenen Arbeitspl\u00e4tzen.<\/p>\n<p>Der Rundgang f\u00fchrte u.a. in das B\u00fcro des Schulsozialarbeiters Sebastian Straeck, \u00a0der neben Sozialarbeiterin Frau L\u00fchn (Au\u00dfenstelle) \u00a0Ansprechperson f\u00fcr alle Sch\u00fcler ist, und\u00a0 in den Raum der Sch\u00fclerfirma, wo Sch\u00fcler Schulartikel u. \u00c4hnliches verkaufen. Der Busbahnhof wurde erkl\u00e4rt und die Mensa besichtigt, wo die Sch\u00fcler mittags essen k\u00f6nnen und wo sich der Kiosk befindet. In der oberen Etage der Mensa gab es f\u00fcr die neugierigen Grundsch\u00fcler noch die Schulb\u00fccherei und den Aufenthaltsraum f\u00fcr die offene Betreuung zu besichtigen, wo Frau Stemmer Spiele verleiht und Ansprechpartner f\u00fcr die Sch\u00fcler ist.<\/p>\n<p>Frau Gallus stellte das Unterrichtsfach Franz\u00f6sisch vor, das Sch\u00fcler ab der 6. Klasse in der Realschule w\u00e4hlen k\u00f6nnen. \u00a0Die Grundsch\u00fcler waren sowohl beim Schnuppern in den Unterricht als auch beim anschlie\u00dfenden Rundgang mit Teilnahme an Experimenten eifrig und mit gro\u00dfem Interesse dabei.\u00a0 F\u00fcr die \u00a0Eltern und Klassenlehrer gab es in der Zwischenzeit von Schulleiterin Maria Lau aktuelle Informationen zur Oberschule. Frau Ahaus-Borchers und Frau Timpker \u00a0hatten wieder\u00a0 mit Sch\u00fclern des Profilfaches Gesundheit und Soziales f\u00fcr eine nette Kaffeetafel in der Schulk\u00fcche gesorgt, zu der alle Eltern und Klassenlehrer eingeladen waren und dabei Gelegenheit fanden, miteinander ins Gespr\u00e4ch zu kommen. Selbstverst\u00e4ndlich gab es auch f\u00fcr die kleinen G\u00e4ste\u00a0 in der Pause Saft und Kuchen. Schulleiterin Maria Lau bedankte sich auch im Namen des Kollegiums bei allen G\u00e4sten f\u00fcr das gro\u00dfe Interesse am Schulleben der Schule am Schloss und freut sich auf eine gute Zusammenarbeit.<\/p>\n<p>Text: Gisela Arling \/ Fotos: Klaus Kulkmann<\/p>\n<p><a href=\"https:\/\/www.forum-soegel.de\/information\/wp-content\/uploads\/2013\/04\/Grundschultag-an-der-Oberschule-S\u00f6gel1.jpg\"><img loading=\"lazy\" decoding=\"async\" class=\"alignnone size-medium wp-image-10715\" title=\"Grundschultag an der Oberschule S\u00f6gel1\" src=\"https:\/\/www.forum-soegel.de\/information\/wp-content\/uploads\/2013\/04\/Grundschultag-an-der-Oberschule-S\u00f6gel1-300x199.jpg\" alt=\"\" width=\"300\" height=\"199\" srcset=\"https:\/\/www.forum-soegel.de\/information\/wp-content\/uploads\/2013\/04\/Grundschultag-an-der-Oberschule-S\u00f6gel1-300x199.jpg 300w, https:\/\/www.forum-soegel.de\/information\/wp-content\/uploads\/2013\/04\/Grundschultag-an-der-Oberschule-S\u00f6gel1.jpg 1024w\" sizes=\"auto, (max-width: 300px) 100vw, 300px\" \/><\/a>\u00a0\u00a0<a href=\"https:\/\/www.forum-soegel.de\/information\/wp-content\/uploads\/2013\/04\/Grundschultag-an-der-Oberschule-S\u00f6gel2.jpg\"><img loading=\"lazy\" decoding=\"async\" class=\"alignnone size-medium wp-image-10716\" title=\"Grundschultag an der Oberschule S\u00f6gel2\" src=\"https:\/\/www.forum-soegel.de\/information\/wp-content\/uploads\/2013\/04\/Grundschultag-an-der-Oberschule-S\u00f6gel2-300x180.jpg\" alt=\"\" width=\"300\" height=\"180\" srcset=\"https:\/\/www.forum-soegel.de\/information\/wp-content\/uploads\/2013\/04\/Grundschultag-an-der-Oberschule-S\u00f6gel2-300x180.jpg 300w, https:\/\/www.forum-soegel.de\/information\/wp-content\/uploads\/2013\/04\/Grundschultag-an-der-Oberschule-S\u00f6gel2.jpg 1024w\" sizes=\"auto, (max-width: 300px) 100vw, 300px\" \/><\/a><\/p>\n","protected":false},"excerpt":{"rendered":"S\u00f6gel &#8211; Schulleiterin Maria Lau\u00a0 hatte wieder alle Grundsch\u00fcler der Samtgemeinde S\u00f6gel\u00a0 mit ihren Klassenlehrern und Eltern zum Schnuppertag in die Oberschule- Schule am Schloss- eingeladen. Bevor sie die kleinen und gro\u00dfen G\u00e4ste begr\u00fc\u00dfen konnte, gab die Sch\u00fclerband unter der Leitung von J\u00fcrgen Jansen und Michael Peters eine flotte Musikeinlage. Danach wurden die neugierigen M\u00e4dchen [&hellip;]\n","protected":false},"author":2,"featured_media":0,"comment_status":"closed","ping_status":"closed","sticky":false,"template":"","format":"standard","meta":{"ngg_post_thumbnail":0,"footnotes":""},"categories":[6],"tags":[],"class_list":["post-10714","post","type-post","status-publish","format-standard","hentry","category-aus-der-schule-geplaudert"],"_links":{"self":[{"href":"https:\/\/www.forum-soegel.de\/information\/wp-json\/wp\/v2\/posts\/10714","targetHints":{"allow":["GET"]}}],"collection":[{"href":"https:\/\/www.forum-soegel.de\/information\/wp-json\/wp\/v2\/posts"}],"about":[{"href":"https:\/\/www.forum-soegel.de\/information\/wp-json\/wp\/v2\/types\/post"}],"author":[{"embeddable":true,"href":"https:\/\/www.forum-soegel.de\/information\/wp-json\/wp\/v2\/users\/2"}],"replies":[{"embeddable":true,"href":"https:\/\/www.forum-soegel.de\/information\/wp-json\/wp\/v2\/comments?post=10714"}],"version-history":[{"count":1,"href":"https:\/\/www.forum-soegel.de\/information\/wp-json\/wp\/v2\/posts\/10714\/revisions"}],"predecessor-version":[{"id":10717,"href":"https:\/\/www.forum-soegel.de\/information\/wp-json\/wp\/v2\/posts\/10714\/revisions\/10717"}],"wp:attachment":[{"href":"https:\/\/www.forum-soegel.de\/information\/wp-json\/wp\/v2\/media?parent=10714"}],"wp:term":[{"taxonomy":"category","embeddable":true,"href":"https:\/\/www.forum-soegel.de\/information\/wp-json\/wp\/v2\/categories?post=10714"},{"taxonomy":"post_tag","embeddable":true,"href":"https:\/\/www.forum-soegel.de\/information\/wp-json\/wp\/v2\/tags?post=10714"}],"curies":[{"name":"wp","href":"https:\/\/api.w.org\/{rel}","templated":true}]}}