{"id":10711,"date":"2013-05-01T00:13:20","date_gmt":"2013-04-30T22:13:20","guid":{"rendered":"https:\/\/www.forum-soegel.de\/information\/?p=10711"},"modified":"2013-04-28T22:17:28","modified_gmt":"2013-04-28T20:17:28","slug":"verein-n-21-ehrt-schulteam-aus-sogel-mit-geldpreis-2","status":"publish","type":"post","link":"https:\/\/www.forum-soegel.de\/information\/2013\/05\/verein-n-21-ehrt-schulteam-aus-sogel-mit-geldpreis-2\/","title":{"rendered":"Verein n-21 ehrt Schulteam aus S\u00f6gel mit Geldpreis"},"content":{"rendered":"<p>S\u00f6gel &#8211; Gro\u00dfer Tag f\u00fcr Sch\u00fclerinnen und Sch\u00fcler der vierten Klasse an der Grundschule \u201eBernhardschule S\u00f6gel\u201c am vergangenen Donnerstag: Herbert Jancke, Mitarbeiter des Vereins n-21: Schulen in Niedersachsen online e.V., hat dem Siegerteam des Wettbewerbs \u201eK\u00e4fer@tlas Niedersachsen\u201c einen Geldpreis in H\u00f6he von 1.000 Euro \u00fcberreicht. Das im Schuljahr 2011\/2012 unter Leitung von Lehrerin Gisela Henze zum Wettbewerb eingereichte Projekt \u201eEin reger Wurm, der Regenwurm\u201c konnte sich den ersten Platz sichern.<\/p>\n<p>In dem f\u00e4cher\u00fcbergreifenden Projekt\u00a0 haben sich die Sch\u00fclerinnen und Sch\u00fcler intensiv mit dem Thema \u201eRegenwurm\u201c auseinandergesetzt. Von der Bedeutung des Regenwurms f\u00fcr eine funktionierende Umwelt, vom Lebensraum \u201eBoden\u201c und dessen unterschiedlicher Beschaffenheit, bis zur Fortbewegungsm\u00f6glichkeit des Regenwurmes: Auf ihrer Projektseite unter www.kaeferatlas.de\/~kj2 werden alle gewonnenen Informationen anschaulich dokumentiert. Regenwurmgedichte und \u2013lieder zum Thema sowie selbst erstellte Informationsseiten bilden einen gelungenen Abschluss des Beitrags.<\/p>\n<p>\u201eDieser Beitrag hat einen ebenso gro\u00dfen Baustein auf selbstbestimmtes und selbst\u00e4ndiges Arbeiten gesetzt, wie auf die Erlangung von Medienkompetenz. Entstanden ist eine vorbildliche Arbeit: Sowohl inhaltlich als auch multimedial!\u201c, lobte Jancke den Wettbewerbsbeitrag. Ausgew\u00e4hlt wurde der Gewinnerbeitrag durch eine Fachjury unter Vorsitz des damaligen Umweltministers Stefan Birkner. An der Wettbewerbsrunde 2011\/2012 hatten sich Schulen aus ganz Niedersachsen beteiligt. Ein gro\u00dfes Lob richtete daher auch der Schulleiter Karl-Heinz Kaplan insbesondere an die projektbetreuende Lehrerin Henze: \u201eDein Einsatz ist f\u00fcr unsere Schule ein ganz besonderer Gewinn!\u201c<\/p>\n<p>Seitens der Samtgemeinde S\u00f6gel gratulierte der Erste Samtgemeinderat Hans Nowak zur Preisverleihung und freute sich dar\u00fcber, dass die \u201eBernhardschule S\u00f6gel\u201c absoluter Spitzenreiter unter den Wettbewerbspreistr\u00e4gern in Niedersachsen ist. Dies verdiene allerh\u00f6chsten Respekt. Es sei auf hervorragende Art und Weise gelungen, die Sch\u00fcler f\u00fcr das Thema \u201eEin reger Wurm, der Regenwurm\u201c im Umgang mit den neuen Medien zu sensibilisieren. Als Dank erhielten die Sch\u00fcler und die Lehrerin Gisela Henze ein Geschenk aus den H\u00e4nden des Fachbereichsleiters f\u00fcr Schulen, Arnold Welling.<\/p>\n<p>Text\/Foto: Ingrid Cloppenburg<\/p>\n<p><a href=\"https:\/\/www.forum-soegel.de\/information\/wp-content\/uploads\/2013\/04\/Verein-n-21-ehrt-Schulteam-aus-S\u00f6gel-mit-Geldpreis.jpg\"><img loading=\"lazy\" decoding=\"async\" class=\"alignnone size-medium wp-image-10712\" title=\"Verein n-21 ehrt Schulteam aus S\u00f6gel mit Geldpreis\" src=\"https:\/\/www.forum-soegel.de\/information\/wp-content\/uploads\/2013\/04\/Verein-n-21-ehrt-Schulteam-aus-S\u00f6gel-mit-Geldpreis-300x225.jpg\" alt=\"\" width=\"300\" height=\"225\" srcset=\"https:\/\/www.forum-soegel.de\/information\/wp-content\/uploads\/2013\/04\/Verein-n-21-ehrt-Schulteam-aus-S\u00f6gel-mit-Geldpreis-300x225.jpg 300w, https:\/\/www.forum-soegel.de\/information\/wp-content\/uploads\/2013\/04\/Verein-n-21-ehrt-Schulteam-aus-S\u00f6gel-mit-Geldpreis.jpg 1024w\" sizes=\"auto, (max-width: 300px) 100vw, 300px\" \/><\/a><\/p>\n","protected":false},"excerpt":{"rendered":"S\u00f6gel &#8211; Gro\u00dfer Tag f\u00fcr Sch\u00fclerinnen und Sch\u00fcler der vierten Klasse an der Grundschule \u201eBernhardschule S\u00f6gel\u201c am vergangenen Donnerstag: Herbert Jancke, Mitarbeiter des Vereins n-21: Schulen in Niedersachsen online e.V., hat dem Siegerteam des Wettbewerbs \u201eK\u00e4fer@tlas Niedersachsen\u201c einen Geldpreis in H\u00f6he von 1.000 Euro \u00fcberreicht. Das im Schuljahr 2011\/2012 unter Leitung von Lehrerin Gisela Henze [&hellip;]\n","protected":false},"author":2,"featured_media":0,"comment_status":"closed","ping_status":"closed","sticky":false,"template":"","format":"standard","meta":{"ngg_post_thumbnail":0,"footnotes":""},"categories":[6],"tags":[],"class_list":["post-10711","post","type-post","status-publish","format-standard","hentry","category-aus-der-schule-geplaudert"],"_links":{"self":[{"href":"https:\/\/www.forum-soegel.de\/information\/wp-json\/wp\/v2\/posts\/10711","targetHints":{"allow":["GET"]}}],"collection":[{"href":"https:\/\/www.forum-soegel.de\/information\/wp-json\/wp\/v2\/posts"}],"about":[{"href":"https:\/\/www.forum-soegel.de\/information\/wp-json\/wp\/v2\/types\/post"}],"author":[{"embeddable":true,"href":"https:\/\/www.forum-soegel.de\/information\/wp-json\/wp\/v2\/users\/2"}],"replies":[{"embeddable":true,"href":"https:\/\/www.forum-soegel.de\/information\/wp-json\/wp\/v2\/comments?post=10711"}],"version-history":[{"count":1,"href":"https:\/\/www.forum-soegel.de\/information\/wp-json\/wp\/v2\/posts\/10711\/revisions"}],"predecessor-version":[{"id":10713,"href":"https:\/\/www.forum-soegel.de\/information\/wp-json\/wp\/v2\/posts\/10711\/revisions\/10713"}],"wp:attachment":[{"href":"https:\/\/www.forum-soegel.de\/information\/wp-json\/wp\/v2\/media?parent=10711"}],"wp:term":[{"taxonomy":"category","embeddable":true,"href":"https:\/\/www.forum-soegel.de\/information\/wp-json\/wp\/v2\/categories?post=10711"},{"taxonomy":"post_tag","embeddable":true,"href":"https:\/\/www.forum-soegel.de\/information\/wp-json\/wp\/v2\/tags?post=10711"}],"curies":[{"name":"wp","href":"https:\/\/api.w.org\/{rel}","templated":true}]}}