{"id":10702,"date":"2013-05-01T00:02:51","date_gmt":"2013-04-30T22:02:51","guid":{"rendered":"https:\/\/www.forum-soegel.de\/information\/?p=10702"},"modified":"2013-04-28T22:10:28","modified_gmt":"2013-04-28T20:10:28","slug":"10-000-baume-fur-ein-besseres-klima","status":"publish","type":"post","link":"https:\/\/www.forum-soegel.de\/information\/2013\/05\/10-000-baume-fur-ein-besseres-klima\/","title":{"rendered":"10 000 B\u00e4ume f\u00fcr ein besseres Klima"},"content":{"rendered":"<p style=\"text-align: left;\" align=\"center\"><strong>Sch\u00fcler des H\u00fcmmling-Gymnasiums und der Schule am Schloss pflanzten ihren Schulwald<\/strong><\/p>\n<p style=\"text-align: left;\" align=\"center\">S\u00f6gel &#8211; Anfang M\u00e4rz 2013 starteten in S\u00f6gel ca. 1000 Sch\u00fcler des H\u00fcmmling-Gymnasiums und der Schule am Schloss mit einem Gro\u00dfprojekt der Stiftung \u201eZukunft Wald\u201c und pflanzten 10.000 verschiedene Baumpflanzen auf eine rund 3 Hektar gro\u00dfen Ackerfl\u00e4che neben dem Raddesee, die die Gemeinde S\u00f6gel als Kooperationspartner zur Verf\u00fcgung gestellt hatte. F\u00fcr die Pflanzaktion erarbeiteten Frau Riedemann und Herr Henze vom H\u00fcmmling-Gymnasium sowie Frau Ahlers und Herr Deters von der Schule am Schloss im Vorfeld einen Pflanzplan, wobei Wert auf eine gro\u00dfe Artenvielfalt gelegt wurde., \u201eum in sp\u00e4teren Jahren den Sch\u00fclern Artenkenntnisse heimischer B\u00e4ume und Str\u00e4ucher vermitteln zu k\u00f6nnen\u201c, erkl\u00e4rte das Vorbereitungsteam.<\/p>\n<p><em><span style=\"text-decoration: underline;\">Von den Pflanztagen der Schule am Schloss berichtet Frau Ahlers<\/span><\/em><em>: <\/em>\u201eBis auf die Abschlussklassen waren alle Sch\u00fcler der Schule am Schloss an diesem Projekt beteiligt, das von der Stiftung \u201eZukunft Wald\u201c mitinitiiert und unterst\u00fctzt wurde. Der Schulwald bietet die M\u00f6glichkeit, die Entwicklung und Ver\u00e4nderung eines Waldes \u00fcber viele Jahre hinweg zu beobachten, Artenkenntnisse zu vermitteln und seine Bedeutung im Hinblick auf Klima- und Umweltschutz zu erarbeiten. So wurden wir dann auch bei der Pflanzaktion tatkr\u00e4ftig von Franz H\u00fcsing, dem Direktor der Stiftung, einigen Waldp\u00e4dagogen des Waldp\u00e4dagogikzentrums Alhorn und dem F\u00f6rster Ansgar Simme unterst\u00fctzt. Gegen 9.00 Uhr machten sich Sch\u00fcler und Lehrer \u2013 mit Stiefel, Handschuhe und Spaten im Handgep\u00e4ck &#8211;\u00a0 auf den nur 10\u00a0 Minuten langen Weg zum Grundst\u00fcck.\u00a0 Mit dem\u00a0 Pflanzplan in der Hand pflanzte bald jede Klasse die f\u00fcr sie zugeteilte Parzelle auf. Zum Gl\u00fcck \u00a0kam an diesen Vormittagen erstmals nach langer Zeit die Sonne zum Vorschein, sodass die Sch\u00fcler mit viel Freude und Begeisterung bei der Arbeit waren. Gegen 11.00 Uhr lieferte die K\u00fcche der Schule am Schloss eine willkommene St\u00e4rkung f\u00fcr die flei\u00dfigen Helfer. Es gab Laugenbr\u00f6tchen mit hei\u00dfem Fr\u00fcchtetee. Die Aktion konnte planungsgem\u00e4\u00df beendet und als gelungen bezeichnet werden.\u201c<\/p>\n<p><em><span style=\"text-decoration: underline;\">Vom H\u00fcmmling-Gymnasium berichten Franziska D\u00f6rtelmann und Linda Klues (9FL)<\/span><\/em><\/p>\n<p>Anfang M\u00e4rz haben wir Sch\u00fcler in zwei gro\u00df angelegten Arbeitseins\u00e4tzen B\u00e4ume \u2013 von Eichen \u00fcber Hainbuchen bis hin zu Wei\u00dfdorn und Birken \u2013 als Mischwald gepflanzt. In Gruppen von zwei bis vier Sch\u00fclern haben wir unter Anleitung mit einem Hohlspaten L\u00f6cher in den Boden gestochen und die Setzlinge hinein geschwungen, so dass alle Wurzeln in die Erde gelangten. Am ersten Pflanztag des Gymnasiums war noch etwas\u00a0 Frost im Boden, so dass es f\u00fcr die j\u00fcngeren Sch\u00fcler schon beinahe Schwerstarbeit war.<\/p>\n<p>Jeder Sch\u00fcler hat mehr als 10 B\u00e4ume gepflanzt und darauf sind wir stolz. Der Wald mit den nun 10.000 gepflanzten B\u00e4umen nimmt nicht nur CO2 auf und tr\u00e4gt damit zum Schutz des Klimas bei, er soll auch gleichzeitig in Zukunft ein au\u00dferschulischer Lernort\u00a0 werden, worauf die Sch\u00fcler sich freuen k\u00f6nnen.<\/p>\n<p>In 30-40 Jahren k\u00f6nnen wir dann mit unseren Kindern zu dem Wald gehen und sagen: \u201cDiesen Wald haben wir gepflanzt und damit etwas gegen den Klimawandel getan.\u201c<\/p>\n<p>&nbsp;<\/p>\n<p>M\u00f6glich war diese gelungene Aktion durch die Zusammenarbeit von 3 Stiftungen (Gemeinde S\u00f6gel, Naturschutzstiftung des Landkreises Emsland, Stiftung Zukunft Wald) \u00a0und den tatkr\u00e4ftigen Einsatz von Sch\u00fclern des H\u00fcmmling-Gymnasiums und der Schule am Schloss. F\u00fcr die Finanzierung gab es au\u00dferdem mehrere \u00f6rtliche F\u00f6rderer: Husmann-Umwelt-Stiftung (Lathen), die Sparkasse Emsland, Wagener Gastronomie Engineering (S\u00f6gel),\u00a0 B. Quappen Holzbau GmbH (S\u00f6gel) und Gartenbau Purk (Werlte). Mit dem Schulwaldprojekt, das den Schulen eine Nutzung von 30 Jahren gew\u00e4hrleistet, \u00a0wird die Initiative der Gemeinde S\u00f6gel zur Schaffung eines wohnortnahen Erholungsgebietes abgerundet.<\/p>\n<p>Text: Gisela Arling \/ Foto: Gerd Henze<\/p>\n<p><a href=\"https:\/\/www.forum-soegel.de\/information\/wp-content\/uploads\/2013\/04\/10-000-B\u00e4ume-f\u00fcr-ein-besseres-Klima1.jpg\"><img loading=\"lazy\" decoding=\"async\" class=\"alignnone size-medium wp-image-10703\" title=\"10 000 B\u00e4ume f\u00fcr ein besseres Klima1\" src=\"https:\/\/www.forum-soegel.de\/information\/wp-content\/uploads\/2013\/04\/10-000-B\u00e4ume-f\u00fcr-ein-besseres-Klima1-300x225.jpg\" alt=\"\" width=\"300\" height=\"225\" srcset=\"https:\/\/www.forum-soegel.de\/information\/wp-content\/uploads\/2013\/04\/10-000-B\u00e4ume-f\u00fcr-ein-besseres-Klima1-300x225.jpg 300w, https:\/\/www.forum-soegel.de\/information\/wp-content\/uploads\/2013\/04\/10-000-B\u00e4ume-f\u00fcr-ein-besseres-Klima1.jpg 1024w\" sizes=\"auto, (max-width: 300px) 100vw, 300px\" \/><\/a><\/p>\n<p><a href=\"https:\/\/www.forum-soegel.de\/information\/wp-content\/uploads\/2013\/04\/10-000-B\u00e4ume-f\u00fcr-ein-besseres-Klima2.jpg\"><img loading=\"lazy\" decoding=\"async\" class=\"alignnone size-medium wp-image-10704\" title=\"10 000 B\u00e4ume f\u00fcr ein besseres Klima2\" src=\"https:\/\/www.forum-soegel.de\/information\/wp-content\/uploads\/2013\/04\/10-000-B\u00e4ume-f\u00fcr-ein-besseres-Klima2-300x200.jpg\" alt=\"\" width=\"300\" height=\"200\" srcset=\"https:\/\/www.forum-soegel.de\/information\/wp-content\/uploads\/2013\/04\/10-000-B\u00e4ume-f\u00fcr-ein-besseres-Klima2-300x200.jpg 300w, https:\/\/www.forum-soegel.de\/information\/wp-content\/uploads\/2013\/04\/10-000-B\u00e4ume-f\u00fcr-ein-besseres-Klima2.jpg 1024w\" sizes=\"auto, (max-width: 300px) 100vw, 300px\" \/><\/a><\/p>\n","protected":false},"excerpt":{"rendered":"Sch\u00fcler des H\u00fcmmling-Gymnasiums und der Schule am Schloss pflanzten ihren Schulwald S\u00f6gel &#8211; Anfang M\u00e4rz 2013 starteten in S\u00f6gel ca. 1000 Sch\u00fcler des H\u00fcmmling-Gymnasiums und der Schule am Schloss mit einem Gro\u00dfprojekt der Stiftung \u201eZukunft Wald\u201c und pflanzten 10.000 verschiedene Baumpflanzen auf eine rund 3 Hektar gro\u00dfen Ackerfl\u00e4che neben dem Raddesee, die die Gemeinde S\u00f6gel [&hellip;]\n","protected":false},"author":2,"featured_media":0,"comment_status":"closed","ping_status":"closed","sticky":false,"template":"","format":"standard","meta":{"ngg_post_thumbnail":0,"footnotes":""},"categories":[6],"tags":[],"class_list":["post-10702","post","type-post","status-publish","format-standard","hentry","category-aus-der-schule-geplaudert"],"_links":{"self":[{"href":"https:\/\/www.forum-soegel.de\/information\/wp-json\/wp\/v2\/posts\/10702","targetHints":{"allow":["GET"]}}],"collection":[{"href":"https:\/\/www.forum-soegel.de\/information\/wp-json\/wp\/v2\/posts"}],"about":[{"href":"https:\/\/www.forum-soegel.de\/information\/wp-json\/wp\/v2\/types\/post"}],"author":[{"embeddable":true,"href":"https:\/\/www.forum-soegel.de\/information\/wp-json\/wp\/v2\/users\/2"}],"replies":[{"embeddable":true,"href":"https:\/\/www.forum-soegel.de\/information\/wp-json\/wp\/v2\/comments?post=10702"}],"version-history":[{"count":1,"href":"https:\/\/www.forum-soegel.de\/information\/wp-json\/wp\/v2\/posts\/10702\/revisions"}],"predecessor-version":[{"id":10705,"href":"https:\/\/www.forum-soegel.de\/information\/wp-json\/wp\/v2\/posts\/10702\/revisions\/10705"}],"wp:attachment":[{"href":"https:\/\/www.forum-soegel.de\/information\/wp-json\/wp\/v2\/media?parent=10702"}],"wp:term":[{"taxonomy":"category","embeddable":true,"href":"https:\/\/www.forum-soegel.de\/information\/wp-json\/wp\/v2\/categories?post=10702"},{"taxonomy":"post_tag","embeddable":true,"href":"https:\/\/www.forum-soegel.de\/information\/wp-json\/wp\/v2\/tags?post=10702"}],"curies":[{"name":"wp","href":"https:\/\/api.w.org\/{rel}","templated":true}]}}