{"id":10696,"date":"2013-05-01T00:58:01","date_gmt":"2013-04-30T22:58:01","guid":{"rendered":"https:\/\/www.forum-soegel.de\/information\/?p=10696"},"modified":"2013-04-28T22:00:11","modified_gmt":"2013-04-28T20:00:11","slug":"altherrenfusballer-beim-sv-sigiltra-sogel","status":"publish","type":"post","link":"https:\/\/www.forum-soegel.de\/information\/2013\/05\/altherrenfusballer-beim-sv-sigiltra-sogel\/","title":{"rendered":"Altherrenfu\u00dfballer beim SV Sigiltra S\u00f6gel"},"content":{"rendered":"<p style=\"text-align: left;\" align=\"center\"><strong>Spa\u00df und Geselligkeit rund um den Fu\u00dfballsport<\/strong><\/p>\n<p>S\u00f6gel &#8211; Wie in vielen Bereichen des \u00f6ffentlichen Lebens plagen auch die Altherrenmannschaften des SV Sigiltra S\u00f6gel Nachwuchssorgen. Trotz einer noch relativ hohen Mitgliederzahl wird es immer schwieriger, eine Mannschaft f\u00fcr den meist w\u00f6chentlich in den Sommermonaten stattfindenden Spielbetrieb zusammenzubekommen. Aber auch bei den Hallenterminen im Winter sieht es nicht besser aus. Doch das muss nicht so sein. Die beiden Mannschaften \u00dc32 und \u00dc40 unternehmen neben dem Fu\u00dfballsport doch noch einiges nebenher. So finden in regelm\u00e4\u00dfigen Abst\u00e4nden auch Mannschaftsfahrten, gemeinschaftliche Grillfeste, Fahrradtouren oder die j\u00e4hrliche Bo\u00dfelrunde statt. Manchmal mit Partner, aber manchmal auch ohne. Auf jeden Fall hat die Truppe immer viel Spa\u00df und erlebt viele interessante Dinge. Wer also keine 30 Jahre mehr ist, Zeit und Lust am Fu\u00dfballsport und anderen Freizeitaktivit\u00e4ten hat, ist recht herzlich dazu eingeladen, Mitglied bei den Alten Herren zu werden. Kontakt nehmen Sie \u00fcber Herrn Raimund Mertens unter Tel. 3346 oder Herrn Johannes V\u00f6lker unter Tel. 9690890 auf.<\/p>\n<p>Text\/Foto: Klaus V\u00f6lker<\/p>\n<p><a href=\"https:\/\/www.forum-soegel.de\/information\/wp-content\/uploads\/2013\/04\/Altherrenfu\u00dfballer-beim-SV-Sigiltra-S\u00f6gel.jpg\"><img loading=\"lazy\" decoding=\"async\" class=\"alignnone size-medium wp-image-10697\" title=\"Altherrenfu\u00dfballer beim SV Sigiltra S\u00f6gel\" src=\"https:\/\/www.forum-soegel.de\/information\/wp-content\/uploads\/2013\/04\/Altherrenfu\u00dfballer-beim-SV-Sigiltra-S\u00f6gel-300x199.jpg\" alt=\"\" width=\"300\" height=\"199\" srcset=\"https:\/\/www.forum-soegel.de\/information\/wp-content\/uploads\/2013\/04\/Altherrenfu\u00dfballer-beim-SV-Sigiltra-S\u00f6gel-300x199.jpg 300w, https:\/\/www.forum-soegel.de\/information\/wp-content\/uploads\/2013\/04\/Altherrenfu\u00dfballer-beim-SV-Sigiltra-S\u00f6gel.jpg 1024w\" sizes=\"auto, (max-width: 300px) 100vw, 300px\" \/><\/a><\/p>\n","protected":false},"excerpt":{"rendered":"Spa\u00df und Geselligkeit rund um den Fu\u00dfballsport S\u00f6gel &#8211; Wie in vielen Bereichen des \u00f6ffentlichen Lebens plagen auch die Altherrenmannschaften des SV Sigiltra S\u00f6gel Nachwuchssorgen. Trotz einer noch relativ hohen Mitgliederzahl wird es immer schwieriger, eine Mannschaft f\u00fcr den meist w\u00f6chentlich in den Sommermonaten stattfindenden Spielbetrieb zusammenzubekommen. Aber auch bei den Hallenterminen im Winter sieht [&hellip;]\n","protected":false},"author":2,"featured_media":0,"comment_status":"closed","ping_status":"closed","sticky":false,"template":"","format":"standard","meta":{"ngg_post_thumbnail":0,"footnotes":""},"categories":[5],"tags":[],"class_list":["post-10696","post","type-post","status-publish","format-standard","hentry","category-was-machen-die-vereine"],"_links":{"self":[{"href":"https:\/\/www.forum-soegel.de\/information\/wp-json\/wp\/v2\/posts\/10696","targetHints":{"allow":["GET"]}}],"collection":[{"href":"https:\/\/www.forum-soegel.de\/information\/wp-json\/wp\/v2\/posts"}],"about":[{"href":"https:\/\/www.forum-soegel.de\/information\/wp-json\/wp\/v2\/types\/post"}],"author":[{"embeddable":true,"href":"https:\/\/www.forum-soegel.de\/information\/wp-json\/wp\/v2\/users\/2"}],"replies":[{"embeddable":true,"href":"https:\/\/www.forum-soegel.de\/information\/wp-json\/wp\/v2\/comments?post=10696"}],"version-history":[{"count":1,"href":"https:\/\/www.forum-soegel.de\/information\/wp-json\/wp\/v2\/posts\/10696\/revisions"}],"predecessor-version":[{"id":10698,"href":"https:\/\/www.forum-soegel.de\/information\/wp-json\/wp\/v2\/posts\/10696\/revisions\/10698"}],"wp:attachment":[{"href":"https:\/\/www.forum-soegel.de\/information\/wp-json\/wp\/v2\/media?parent=10696"}],"wp:term":[{"taxonomy":"category","embeddable":true,"href":"https:\/\/www.forum-soegel.de\/information\/wp-json\/wp\/v2\/categories?post=10696"},{"taxonomy":"post_tag","embeddable":true,"href":"https:\/\/www.forum-soegel.de\/information\/wp-json\/wp\/v2\/tags?post=10696"}],"curies":[{"name":"wp","href":"https:\/\/api.w.org\/{rel}","templated":true}]}}