{"id":10692,"date":"2013-05-01T00:55:43","date_gmt":"2013-04-30T22:55:43","guid":{"rendered":"https:\/\/www.forum-soegel.de\/information\/?p=10692"},"modified":"2013-04-28T21:57:57","modified_gmt":"2013-04-28T19:57:57","slug":"fusballbundesliga-live","status":"publish","type":"post","link":"https:\/\/www.forum-soegel.de\/information\/2013\/05\/fusballbundesliga-live\/","title":{"rendered":"Fu\u00dfballbundesliga live"},"content":{"rendered":"<p>S\u00f6gel &#8211; Unter diesem Motto fuhren am vergangenen Samstag 50 Fans, darunter Spieler der C \u2013 sowie der B \u2013 Jugend des SV Sigiltra S\u00f6gel, nach Leverkusen.<\/p>\n<p>Hier spielte der Tabellenzweite Bayer 04 Leverkusen gegen den VFL Wolfsburg.<\/p>\n<p>Kurz vor dem Spiel kam es noch zu einem kurzen Treffen mit dem Maskottchen von Bayer 04 Leverkusen, \u201eBrian\u201c.<\/p>\n<p>Obwohl Bayer 04 Leverkusen schnell mit 1 : 0 durch Andre Sch\u00fcrle in F\u00fchrung ging,\u00a0 konnten sie das Spiel nicht gewinnen und mussten v\u00f6llig \u00fcberfl\u00fcssig noch das 1 : 1 hinnehmen.<\/p>\n<p>Text\/Foto: Alois B\u00fcter<\/p>\n<p><a href=\"https:\/\/www.forum-soegel.de\/information\/wp-content\/uploads\/2013\/04\/Fu\u00dfballbundesliga-live1.jpg\"><img loading=\"lazy\" decoding=\"async\" class=\"alignnone size-medium wp-image-10693\" title=\"Fu\u00dfballbundesliga live1\" src=\"https:\/\/www.forum-soegel.de\/information\/wp-content\/uploads\/2013\/04\/Fu\u00dfballbundesliga-live1-300x200.jpg\" alt=\"\" width=\"300\" height=\"200\" srcset=\"https:\/\/www.forum-soegel.de\/information\/wp-content\/uploads\/2013\/04\/Fu\u00dfballbundesliga-live1-300x200.jpg 300w, https:\/\/www.forum-soegel.de\/information\/wp-content\/uploads\/2013\/04\/Fu\u00dfballbundesliga-live1.jpg 1024w\" sizes=\"auto, (max-width: 300px) 100vw, 300px\" \/><\/a><\/p>\n<p><a href=\"https:\/\/www.forum-soegel.de\/information\/wp-content\/uploads\/2013\/04\/Fu\u00dfballbundesliga-live2.jpg\"><img loading=\"lazy\" decoding=\"async\" class=\"alignnone size-medium wp-image-10694\" title=\"Fu\u00dfballbundesliga live2\" src=\"https:\/\/www.forum-soegel.de\/information\/wp-content\/uploads\/2013\/04\/Fu\u00dfballbundesliga-live2-300x199.jpg\" alt=\"\" width=\"300\" height=\"199\" srcset=\"https:\/\/www.forum-soegel.de\/information\/wp-content\/uploads\/2013\/04\/Fu\u00dfballbundesliga-live2-300x199.jpg 300w, https:\/\/www.forum-soegel.de\/information\/wp-content\/uploads\/2013\/04\/Fu\u00dfballbundesliga-live2.jpg 1024w\" sizes=\"auto, (max-width: 300px) 100vw, 300px\" \/><\/a><\/p>\n","protected":false},"excerpt":{"rendered":"S\u00f6gel &#8211; Unter diesem Motto fuhren am vergangenen Samstag 50 Fans, darunter Spieler der C \u2013 sowie der B \u2013 Jugend des SV Sigiltra S\u00f6gel, nach Leverkusen. Hier spielte der Tabellenzweite Bayer 04 Leverkusen gegen den VFL Wolfsburg. Kurz vor dem Spiel kam es noch zu einem kurzen Treffen mit dem Maskottchen von Bayer 04 [&hellip;]\n","protected":false},"author":2,"featured_media":0,"comment_status":"closed","ping_status":"closed","sticky":false,"template":"","format":"standard","meta":{"ngg_post_thumbnail":0,"footnotes":""},"categories":[5],"tags":[],"class_list":["post-10692","post","type-post","status-publish","format-standard","hentry","category-was-machen-die-vereine"],"_links":{"self":[{"href":"https:\/\/www.forum-soegel.de\/information\/wp-json\/wp\/v2\/posts\/10692","targetHints":{"allow":["GET"]}}],"collection":[{"href":"https:\/\/www.forum-soegel.de\/information\/wp-json\/wp\/v2\/posts"}],"about":[{"href":"https:\/\/www.forum-soegel.de\/information\/wp-json\/wp\/v2\/types\/post"}],"author":[{"embeddable":true,"href":"https:\/\/www.forum-soegel.de\/information\/wp-json\/wp\/v2\/users\/2"}],"replies":[{"embeddable":true,"href":"https:\/\/www.forum-soegel.de\/information\/wp-json\/wp\/v2\/comments?post=10692"}],"version-history":[{"count":1,"href":"https:\/\/www.forum-soegel.de\/information\/wp-json\/wp\/v2\/posts\/10692\/revisions"}],"predecessor-version":[{"id":10695,"href":"https:\/\/www.forum-soegel.de\/information\/wp-json\/wp\/v2\/posts\/10692\/revisions\/10695"}],"wp:attachment":[{"href":"https:\/\/www.forum-soegel.de\/information\/wp-json\/wp\/v2\/media?parent=10692"}],"wp:term":[{"taxonomy":"category","embeddable":true,"href":"https:\/\/www.forum-soegel.de\/information\/wp-json\/wp\/v2\/categories?post=10692"},{"taxonomy":"post_tag","embeddable":true,"href":"https:\/\/www.forum-soegel.de\/information\/wp-json\/wp\/v2\/tags?post=10692"}],"curies":[{"name":"wp","href":"https:\/\/api.w.org\/{rel}","templated":true}]}}