{"id":10689,"date":"2013-05-01T00:53:37","date_gmt":"2013-04-30T22:53:37","guid":{"rendered":"https:\/\/www.forum-soegel.de\/information\/?p=10689"},"modified":"2013-04-28T21:55:33","modified_gmt":"2013-04-28T19:55:33","slug":"neue-trainingsanzuge-fur-eine-erfolgreiche-mannschaft","status":"publish","type":"post","link":"https:\/\/www.forum-soegel.de\/information\/2013\/05\/neue-trainingsanzuge-fur-eine-erfolgreiche-mannschaft\/","title":{"rendered":"Neue Trainingsanz\u00fcge f\u00fcr eine erfolgreiche Mannschaft"},"content":{"rendered":"<p>S\u00f6gel &#8211; Nachdem unsere 1. Herren schon im vergangenen Jahr mit einem neuen Satz Trikots ausgestattet wurde, bekamen sie jetzt auch noch den passenden Trainingsanzug von der Fa. Telkmann Haren gesponsert. Die Mannschaft spielt in dieser Saison sehr erfolgreich und hofft, am Ende der Saison vielleicht ganz oben zu stehen, um den Aufstieg in die Kreisliga perfekt zu machen. Da jetzt jedes Spiel ein Endspiel um den Aufstiegsplatz ist, w\u00fcrde sich die Mannschaft auch \u00fcber jede Unterst\u00fctzung am Spielfeldrand freuen. Trainer, Betreuer und Mannschaft bedankten sich bei Anne Telkmann f\u00fcr die zweite gro\u00dfz\u00fcgige Spende. Alfons Robben und Ludwig Wilmes sprachen im Namen des Fu\u00dfballf\u00f6rdervereins ihren Dank aus.<\/p>\n<p>Text\/Foto: Klaus V\u00f6lker<\/p>\n<p><a href=\"https:\/\/www.forum-soegel.de\/information\/wp-content\/uploads\/2013\/04\/Neue-Trainingsanz\u00fcge-f\u00fcr-eine-erfolgreiche-Mannschaft.jpg\"><img loading=\"lazy\" decoding=\"async\" class=\"alignnone size-medium wp-image-10690\" title=\"Neue Trainingsanz\u00fcge f\u00fcr eine erfolgreiche Mannschaft\" src=\"https:\/\/www.forum-soegel.de\/information\/wp-content\/uploads\/2013\/04\/Neue-Trainingsanz\u00fcge-f\u00fcr-eine-erfolgreiche-Mannschaft-300x199.jpg\" alt=\"\" width=\"300\" height=\"199\" srcset=\"https:\/\/www.forum-soegel.de\/information\/wp-content\/uploads\/2013\/04\/Neue-Trainingsanz\u00fcge-f\u00fcr-eine-erfolgreiche-Mannschaft-300x199.jpg 300w, https:\/\/www.forum-soegel.de\/information\/wp-content\/uploads\/2013\/04\/Neue-Trainingsanz\u00fcge-f\u00fcr-eine-erfolgreiche-Mannschaft.jpg 1024w\" sizes=\"auto, (max-width: 300px) 100vw, 300px\" \/><\/a><\/p>\n","protected":false},"excerpt":{"rendered":"S\u00f6gel &#8211; Nachdem unsere 1. Herren schon im vergangenen Jahr mit einem neuen Satz Trikots ausgestattet wurde, bekamen sie jetzt auch noch den passenden Trainingsanzug von der Fa. Telkmann Haren gesponsert. Die Mannschaft spielt in dieser Saison sehr erfolgreich und hofft, am Ende der Saison vielleicht ganz oben zu stehen, um den Aufstieg in die [&hellip;]\n","protected":false},"author":2,"featured_media":0,"comment_status":"closed","ping_status":"closed","sticky":false,"template":"","format":"standard","meta":{"ngg_post_thumbnail":0,"footnotes":""},"categories":[5],"tags":[],"class_list":["post-10689","post","type-post","status-publish","format-standard","hentry","category-was-machen-die-vereine"],"_links":{"self":[{"href":"https:\/\/www.forum-soegel.de\/information\/wp-json\/wp\/v2\/posts\/10689","targetHints":{"allow":["GET"]}}],"collection":[{"href":"https:\/\/www.forum-soegel.de\/information\/wp-json\/wp\/v2\/posts"}],"about":[{"href":"https:\/\/www.forum-soegel.de\/information\/wp-json\/wp\/v2\/types\/post"}],"author":[{"embeddable":true,"href":"https:\/\/www.forum-soegel.de\/information\/wp-json\/wp\/v2\/users\/2"}],"replies":[{"embeddable":true,"href":"https:\/\/www.forum-soegel.de\/information\/wp-json\/wp\/v2\/comments?post=10689"}],"version-history":[{"count":1,"href":"https:\/\/www.forum-soegel.de\/information\/wp-json\/wp\/v2\/posts\/10689\/revisions"}],"predecessor-version":[{"id":10691,"href":"https:\/\/www.forum-soegel.de\/information\/wp-json\/wp\/v2\/posts\/10689\/revisions\/10691"}],"wp:attachment":[{"href":"https:\/\/www.forum-soegel.de\/information\/wp-json\/wp\/v2\/media?parent=10689"}],"wp:term":[{"taxonomy":"category","embeddable":true,"href":"https:\/\/www.forum-soegel.de\/information\/wp-json\/wp\/v2\/categories?post=10689"},{"taxonomy":"post_tag","embeddable":true,"href":"https:\/\/www.forum-soegel.de\/information\/wp-json\/wp\/v2\/tags?post=10689"}],"curies":[{"name":"wp","href":"https:\/\/api.w.org\/{rel}","templated":true}]}}