{"id":10686,"date":"2013-05-01T00:49:54","date_gmt":"2013-04-30T22:49:54","guid":{"rendered":"https:\/\/www.forum-soegel.de\/information\/?p=10686"},"modified":"2013-04-28T21:53:27","modified_gmt":"2013-04-28T19:53:27","slug":"saisonbeginn-bei-der-alte-herren-mannschaft-gw-spahnharrenstatte","status":"publish","type":"post","link":"https:\/\/www.forum-soegel.de\/information\/2013\/05\/saisonbeginn-bei-der-alte-herren-mannschaft-gw-spahnharrenstatte\/","title":{"rendered":"Saisonbeginn bei der Alte-Herren-Mannschaft GW Spahnharrenst\u00e4tte"},"content":{"rendered":"<p>Spahnharrenst\u00e4tte &#8211; Am Samstag, dem 16.03.2013, fand unter reger Teilnahme das j\u00e4hrliche Bo\u00dfeln der Alten Herren statt. Es wurde in drei Gruppen gespielt und nach einem langen Wettbewerb ein w\u00fcrdiger Sieger gefunden.\u00a0 Bo\u00dfelk\u00f6nigin und \u2013k\u00f6nig wurden Tanja Kamlage und Andreas Konen. Ein besonderer Dank ging an das diesj\u00e4hrige Organisationsteam (Frank Albers, Thomas Meyer und Heinz Wilhelm Pl\u00fcster), die f\u00fcr die Getr\u00e4nke, Verpflegung, Tourgestaltung und \u2013planung gesorgt hatten.<\/p>\n<p>Die VGH-Agentur Michael Wigbers stattete mit neuen Aufw\u00e4rmjacken\u00a0 aus. Diese Jacken wurden rechtzeitig vor dem Traditionsspiel am Ostersamstag gegen die Alten Herren des SV B\u00f6sel ausgeteilt, so dass die Alten Herren des GW Spahnharrenst\u00e4tte einheitlich auftreten konnten.<\/p>\n<p>Die Spieler der Alten Herren und der Betreuer H.J.Meyer bedankten sich recht herzlich bei Michael Wigbers.<\/p>\n<p>Text\/Foto: H.J. Meyer, SPH-V<\/p>\n<p><a href=\"https:\/\/www.forum-soegel.de\/information\/wp-content\/uploads\/2013\/04\/Saisonbeginn-bei-der-Alte-Herren-Mannschaft-GW-Spahnharrenst\u00e4tte.jpg\"><img loading=\"lazy\" decoding=\"async\" class=\"alignnone size-medium wp-image-10687\" title=\"Saisonbeginn bei der Alte-Herren-Mannschaft GW Spahnharrenst\u00e4tte\" src=\"https:\/\/www.forum-soegel.de\/information\/wp-content\/uploads\/2013\/04\/Saisonbeginn-bei-der-Alte-Herren-Mannschaft-GW-Spahnharrenst\u00e4tte-300x127.jpg\" alt=\"\" width=\"300\" height=\"127\" srcset=\"https:\/\/www.forum-soegel.de\/information\/wp-content\/uploads\/2013\/04\/Saisonbeginn-bei-der-Alte-Herren-Mannschaft-GW-Spahnharrenst\u00e4tte-300x127.jpg 300w, https:\/\/www.forum-soegel.de\/information\/wp-content\/uploads\/2013\/04\/Saisonbeginn-bei-der-Alte-Herren-Mannschaft-GW-Spahnharrenst\u00e4tte.jpg 1024w\" sizes=\"auto, (max-width: 300px) 100vw, 300px\" \/><\/a><\/p>\n","protected":false},"excerpt":{"rendered":"Spahnharrenst\u00e4tte &#8211; Am Samstag, dem 16.03.2013, fand unter reger Teilnahme das j\u00e4hrliche Bo\u00dfeln der Alten Herren statt. Es wurde in drei Gruppen gespielt und nach einem langen Wettbewerb ein w\u00fcrdiger Sieger gefunden.\u00a0 Bo\u00dfelk\u00f6nigin und \u2013k\u00f6nig wurden Tanja Kamlage und Andreas Konen. Ein besonderer Dank ging an das diesj\u00e4hrige Organisationsteam (Frank Albers, Thomas Meyer und Heinz [&hellip;]\n","protected":false},"author":2,"featured_media":0,"comment_status":"closed","ping_status":"closed","sticky":false,"template":"","format":"standard","meta":{"ngg_post_thumbnail":0,"footnotes":""},"categories":[5],"tags":[],"class_list":["post-10686","post","type-post","status-publish","format-standard","hentry","category-was-machen-die-vereine"],"_links":{"self":[{"href":"https:\/\/www.forum-soegel.de\/information\/wp-json\/wp\/v2\/posts\/10686","targetHints":{"allow":["GET"]}}],"collection":[{"href":"https:\/\/www.forum-soegel.de\/information\/wp-json\/wp\/v2\/posts"}],"about":[{"href":"https:\/\/www.forum-soegel.de\/information\/wp-json\/wp\/v2\/types\/post"}],"author":[{"embeddable":true,"href":"https:\/\/www.forum-soegel.de\/information\/wp-json\/wp\/v2\/users\/2"}],"replies":[{"embeddable":true,"href":"https:\/\/www.forum-soegel.de\/information\/wp-json\/wp\/v2\/comments?post=10686"}],"version-history":[{"count":1,"href":"https:\/\/www.forum-soegel.de\/information\/wp-json\/wp\/v2\/posts\/10686\/revisions"}],"predecessor-version":[{"id":10688,"href":"https:\/\/www.forum-soegel.de\/information\/wp-json\/wp\/v2\/posts\/10686\/revisions\/10688"}],"wp:attachment":[{"href":"https:\/\/www.forum-soegel.de\/information\/wp-json\/wp\/v2\/media?parent=10686"}],"wp:term":[{"taxonomy":"category","embeddable":true,"href":"https:\/\/www.forum-soegel.de\/information\/wp-json\/wp\/v2\/categories?post=10686"},{"taxonomy":"post_tag","embeddable":true,"href":"https:\/\/www.forum-soegel.de\/information\/wp-json\/wp\/v2\/tags?post=10686"}],"curies":[{"name":"wp","href":"https:\/\/api.w.org\/{rel}","templated":true}]}}