{"id":10683,"date":"2013-05-01T00:45:29","date_gmt":"2013-04-30T22:45:29","guid":{"rendered":"https:\/\/www.forum-soegel.de\/information\/?p=10683"},"modified":"2013-04-28T21:49:48","modified_gmt":"2013-04-28T19:49:48","slug":"sportfischerverein-sogel-mit-neuer-fuhrung","status":"publish","type":"post","link":"https:\/\/www.forum-soegel.de\/information\/2013\/05\/sportfischerverein-sogel-mit-neuer-fuhrung\/","title":{"rendered":"Sportfischerverein S\u00f6gel mit neuer F\u00fchrung"},"content":{"rendered":"<p>S\u00f6gel &#8211; Bernhard Herm\u00fchlen ist neuer Vorsitzender des Sportfischervereins (SFV) S\u00f6gel. Er tritt die Nachfolge von Heiner Herm\u00fchlen an, der nach acht Jahren Vorstandsarbeit auf eine erneute Kandidatur verzichtet hatte.<\/p>\n<p>In seinem Bericht auf der Mitgliederversammlung lie\u00df der scheidende Vorsitzende noch einmal die wichtigsten Ereignisse des vergangenen Vereinsjahres Revue passieren. Besonders hob Heiner Herm\u00fchlen die Bedeutung des neu gebauten naturnahen Gew\u00e4ssers, des \u201eRaddesees\u201c f\u00fcr den Verein hervor.<\/p>\n<p>Ab dem 05. Mai stehe den Mitgliedern des Vereins nun ein \u00fcber 17.000qm gro\u00dfes ortsnahes Gew\u00e4sser zur Verf\u00fcgung, welches auch bequem mit dem Fahrrad zu erreichen sei. Besonders bedankte er sich in diesem Zusammenhang bei der Gemeinde S\u00f6gel, ohne die eine Realisierung des Projektes nicht m\u00f6glich gewesen w\u00e4re.<\/p>\n<p>Im weiteren Verlauf seiner Ausf\u00fchrungen erinnerte er an das Anangeln 2012 und ehrte den Anglerk\u00f6nig der vergangenen Saison, Hans Segbers. In ihrem Gru\u00dfwort bedankte sich die S\u00f6geler B\u00fcrgermeisterin Irmgard Welling f\u00fcr das \u201etolle\u201c Engagement des SFV S\u00f6gel \u2013 insbesondere auch f\u00fcr die gute Jugendarbeit.<\/p>\n<p>Franz H\u00fcsing, Stiftungsdirektor der Stiftung \u201eZukunft Wald\u201c, berichtet als Gastreferent \u00fcber das Projekt \u201eSchulwald\u201c welches in unmittelbarer N\u00e4he zum neuen Gew\u00e4sser realisiert wurde: Zahlreiche Sch\u00fclerinnen und Sch\u00fcler verschiedener S\u00f6geler Schulen pflanzten hier viele B\u00e4ume. Hierdurch w\u00fcrde die nachhaltige Entwicklung und der nachhaltige Umgang mit Natur und Wald, sowie der Bedeutung des Waldes f\u00fcr die Gesellschaft vermittelt.<\/p>\n<p>Gew\u00e4sserwart Herbert Berghaus teilte mit, dass die Wasserqualit\u00e4t des neu angelegten \u201eRaddesees\u201c sich gut entwickelt habe. Lediglich der leicht niedrige PH-Wert m\u00fcsse beobachtet werden. Berghaus verwies darauf, dass auch die Ergebnisse der Wasserproben an den anderen Vereinsgew\u00e4ssern keine Auff\u00e4lligkeiten gezeigt h\u00e4tten. Die beiden Leiter der Jugendgruppe, Wim Kreijenberg und Julian Robbers berichteten, dass im Verein \u00fcber 20 Kinder und Jugendliche aktiv seien. Bedingt durch die durchgef\u00fchrte Fischerpr\u00fcfung und sicherlich auch des neuen \u201eRaddesees\u201c registriere man zurzeit einen starken Zulauf von jugendlichen Anglern.<\/p>\n<p>Der Kassenpr\u00fcfer Hans Lake bescheinigte dem Verein eine solide und geordnete Finanzlage \u2013 sodass dem Vorstand von der Mitgliederversammlung einstimmig Entlastung erteilt wurde.<\/p>\n<p>Bei den Wahlen zum Vorstand war der Posten des Vorsitzenden, und des Schatzmeisters neu zu besetzen. Hier wurde Bernhard Herm\u00fchlen einstimmig zum neuen Vorsitzenden gew\u00e4hlt. Sein Stellvertreter bleibt Georg Schr\u00f6er der zus\u00e4tzlich f\u00fcr ein Jahr das Amt des Kassierers von Bernhard Herm\u00fchlen kommissarisch \u00fcbernimmt. Margret Niermann als Schriftf\u00fchrerin und Herbert Berghaus wurden in ihren \u00c4mtern best\u00e4tigt.<\/p>\n<p>Als wichtigsten aktuellen Termin teilte der Vorstand das \u201eAnangeln\u201c am 05. Mai 2013 mit. In der Zeit von 06.00 Uhr bis 11.00Uhr werden die Vereinsmitglieder erstmalig ihr Gl\u00fcck am neuen Gew\u00e4sser versuchen. Unmittelbar danach findet um 12.00 Uhr die Siegerehrung und die offizielle Er\u00f6ffnung durch Vertreter der Gemeinde S\u00f6gel statt. Hierzu ist die gesamte Bev\u00f6lkerung herzlich eingeladen. F\u00fcr das leibliche Wohl wird gesorgt.<\/p>\n<p>Text\/Foto: Ingrid Cloppenburg<\/p>\n<div id=\"attachment_10684\" style=\"width: 310px\" class=\"wp-caption alignnone\"><a href=\"https:\/\/www.forum-soegel.de\/information\/wp-content\/uploads\/2013\/04\/Sportfischerverein-S\u00f6gel-mit-neuer-F\u00fchrung.jpg\"><img loading=\"lazy\" decoding=\"async\" aria-describedby=\"caption-attachment-10684\" class=\"size-medium wp-image-10684\" title=\"Sportfischerverein S\u00f6gel mit neuer F\u00fchrung\" src=\"https:\/\/www.forum-soegel.de\/information\/wp-content\/uploads\/2013\/04\/Sportfischerverein-S\u00f6gel-mit-neuer-F\u00fchrung-300x200.jpg\" alt=\"\" width=\"300\" height=\"200\" srcset=\"https:\/\/www.forum-soegel.de\/information\/wp-content\/uploads\/2013\/04\/Sportfischerverein-S\u00f6gel-mit-neuer-F\u00fchrung-300x200.jpg 300w, https:\/\/www.forum-soegel.de\/information\/wp-content\/uploads\/2013\/04\/Sportfischerverein-S\u00f6gel-mit-neuer-F\u00fchrung.jpg 1000w\" sizes=\"auto, (max-width: 300px) 100vw, 300px\" \/><\/a><p id=\"caption-attachment-10684\" class=\"wp-caption-text\">Als erste \u201eAmthandlung\u201c bedankte sich der neue Vorsitzenden Bernhard Herm\u00fchlen (l.) bei seinem langj\u00e4hrigen Vorg\u00e4nger Heiner Herm\u00fchlen (r.) f\u00fcr die erfolgreiche und engagierte F\u00fchrung des SFV S\u00f6gel.<\/p><\/div>\n","protected":false},"excerpt":{"rendered":"S\u00f6gel &#8211; Bernhard Herm\u00fchlen ist neuer Vorsitzender des Sportfischervereins (SFV) S\u00f6gel. Er tritt die Nachfolge von Heiner Herm\u00fchlen an, der nach acht Jahren Vorstandsarbeit auf eine erneute Kandidatur verzichtet hatte. In seinem Bericht auf der Mitgliederversammlung lie\u00df der scheidende Vorsitzende noch einmal die wichtigsten Ereignisse des vergangenen Vereinsjahres Revue passieren. Besonders hob Heiner Herm\u00fchlen die [&hellip;]\n","protected":false},"author":2,"featured_media":0,"comment_status":"closed","ping_status":"closed","sticky":false,"template":"","format":"standard","meta":{"ngg_post_thumbnail":0,"footnotes":""},"categories":[5],"tags":[],"class_list":["post-10683","post","type-post","status-publish","format-standard","hentry","category-was-machen-die-vereine"],"_links":{"self":[{"href":"https:\/\/www.forum-soegel.de\/information\/wp-json\/wp\/v2\/posts\/10683","targetHints":{"allow":["GET"]}}],"collection":[{"href":"https:\/\/www.forum-soegel.de\/information\/wp-json\/wp\/v2\/posts"}],"about":[{"href":"https:\/\/www.forum-soegel.de\/information\/wp-json\/wp\/v2\/types\/post"}],"author":[{"embeddable":true,"href":"https:\/\/www.forum-soegel.de\/information\/wp-json\/wp\/v2\/users\/2"}],"replies":[{"embeddable":true,"href":"https:\/\/www.forum-soegel.de\/information\/wp-json\/wp\/v2\/comments?post=10683"}],"version-history":[{"count":1,"href":"https:\/\/www.forum-soegel.de\/information\/wp-json\/wp\/v2\/posts\/10683\/revisions"}],"predecessor-version":[{"id":10685,"href":"https:\/\/www.forum-soegel.de\/information\/wp-json\/wp\/v2\/posts\/10683\/revisions\/10685"}],"wp:attachment":[{"href":"https:\/\/www.forum-soegel.de\/information\/wp-json\/wp\/v2\/media?parent=10683"}],"wp:term":[{"taxonomy":"category","embeddable":true,"href":"https:\/\/www.forum-soegel.de\/information\/wp-json\/wp\/v2\/categories?post=10683"},{"taxonomy":"post_tag","embeddable":true,"href":"https:\/\/www.forum-soegel.de\/information\/wp-json\/wp\/v2\/tags?post=10683"}],"curies":[{"name":"wp","href":"https:\/\/api.w.org\/{rel}","templated":true}]}}