{"id":10678,"date":"2013-05-01T00:40:53","date_gmt":"2013-04-30T22:40:53","guid":{"rendered":"https:\/\/www.forum-soegel.de\/information\/?p=10678"},"modified":"2013-04-28T21:43:26","modified_gmt":"2013-04-28T19:43:26","slug":"werkstatt-ist-werkstatt","status":"publish","type":"post","link":"https:\/\/www.forum-soegel.de\/information\/2013\/05\/werkstatt-ist-werkstatt\/","title":{"rendered":"Werkstatt ist Werkstatt"},"content":{"rendered":"<p style=\"text-align: left;\" align=\"center\"><strong>Erweiterung der Ausstellung um die Zeit bis 1945<\/strong><\/p>\n<p>S\u00f6gel &#8211; Teile der Geschichts- und Zukunftswerkstatt gleichen zurzeit eher einer Handwerkswerkstatt als einer Bildungswerkstatt. Anlass ist die Erweiterung der Pr\u00e4sentation um den Zeitabschnitt von 1867 bis 1945.<\/p>\n<p>W\u00e4hrend die geschichtliche Aufarbeitung bisher die Zeit von 1797 bis 1866 abdeckte und die inhaltlich thematischen Vorarbeiten der folgenden Zeitspanne abgeschlossen sind, wird\u00a0 nunmehr die \u201emuseumstechnische\u201c Gestaltung umgesetzt. In 3 Teilabschnitten wird dabei vorgegangen:<\/p>\n<p>&#8211;\u00a0\u00a0\u00a0\u00a0\u00a0\u00a0\u00a0\u00a0\u00a0 Kaiserzeit bis 1918<\/p>\n<p>&#8211;\u00a0\u00a0\u00a0\u00a0\u00a0\u00a0\u00a0\u00a0\u00a0 Weimarer Republik bis 1933<\/p>\n<p>&#8211;\u00a0\u00a0\u00a0\u00a0\u00a0\u00a0\u00a0\u00a0\u00a0 sog. Drittes Reich bis 1945<\/p>\n<p>Die bislang bew\u00e4hrte Aufteilung der Pr\u00e4sentation in folgende Schwerpunktthemen wird beibehalten:<\/p>\n<p>&#8211;\u00a0\u00a0\u00a0\u00a0\u00a0\u00a0\u00a0\u00a0\u00a0 Politische Situation<\/p>\n<p>&#8211;\u00a0\u00a0\u00a0\u00a0\u00a0\u00a0\u00a0\u00a0\u00a0 Arbeit und Wirtschaft<\/p>\n<p>&#8211;\u00a0\u00a0\u00a0\u00a0\u00a0\u00a0\u00a0\u00a0\u00a0 Landschaft und Lebensumfeld<\/p>\n<p>&#8211;\u00a0\u00a0\u00a0\u00a0\u00a0\u00a0\u00a0\u00a0\u00a0 Bauen und Wohnen<\/p>\n<p>Zun\u00e4chst musste aus r\u00e4umlichen Gr\u00fcnden die Darstellung der Zeit bis 1866 auf das Wesentliche verdichtet werden, um Platz zu schaffen f\u00fcr den folgenden Geschichtsabschnitt. Anschauungstafeln, Bildschirmstationen usw. erhielten einen neuen Standort. Aktuell stellen die flei\u00dfigen Helfer des Werkstatt-Teams die neue Pr\u00e4sentation fertig.<\/p>\n<p>Ma\u00dfgebliche Gestaltungsvorgabe ist, wo immer m\u00f6glich und sinnvoll, Aktivstationen vorzusehen, damit dem Besucher ein lebendiges, anschauliches Bild der Geschichte vermittelt werden kann, an deren Erforschung er selbst intensiv teilnimmt.<\/p>\n<p>Hierzu werden modernste museumsp\u00e4dagogische Mittel eingesetzt.<\/p>\n<p>Noch im Mai soll die Werkstatt wieder f\u00fcr Gruppen und Einzelbesucher zug\u00e4nglich gemacht werden und ihrer eigentlichen Aufgabe, der historischen Bildung, dienen.<\/p>\n<p>An dieser Stelle gilt es, den finanziellen F\u00f6rderern sowie insbesondere den zahlreichen ehrenamtlich t\u00e4tigen Mitarbeitern aus den Reihen der Vereinsmitglieder ein herzliches Dankesch\u00f6n f\u00fcr ihr hohes Engagement zu sagen. Ohne ihre zupackende, tatkr\u00e4ftige Mithilfe w\u00e4re ein solches Projekt sicherlich nicht zu realisieren.<\/p>\n<p>Text: Bernd Eggert \/ Foto: FORUM S\u00f6gel e.V.<\/p>\n<p><a href=\"https:\/\/www.forum-soegel.de\/information\/wp-content\/uploads\/2013\/04\/Forum-Werkstatt-ist-Werkstatt1.jpg\"><img loading=\"lazy\" decoding=\"async\" class=\"alignnone size-medium wp-image-10679\" title=\"Forum- Werkstatt ist Werkstatt1\" src=\"https:\/\/www.forum-soegel.de\/information\/wp-content\/uploads\/2013\/04\/Forum-Werkstatt-ist-Werkstatt1-300x225.jpg\" alt=\"\" width=\"300\" height=\"225\" srcset=\"https:\/\/www.forum-soegel.de\/information\/wp-content\/uploads\/2013\/04\/Forum-Werkstatt-ist-Werkstatt1-300x225.jpg 300w, https:\/\/www.forum-soegel.de\/information\/wp-content\/uploads\/2013\/04\/Forum-Werkstatt-ist-Werkstatt1.jpg 1024w\" sizes=\"auto, (max-width: 300px) 100vw, 300px\" \/><\/a>\u00a0\u00a0<a href=\"https:\/\/www.forum-soegel.de\/information\/wp-content\/uploads\/2013\/04\/Forum-Werkstatt-ist-Werkstatt2.jpg\"><img loading=\"lazy\" decoding=\"async\" class=\"alignnone size-medium wp-image-10680\" title=\"Forum- Werkstatt ist Werkstatt2\" src=\"https:\/\/www.forum-soegel.de\/information\/wp-content\/uploads\/2013\/04\/Forum-Werkstatt-ist-Werkstatt2-225x300.jpg\" alt=\"\" width=\"225\" height=\"300\" srcset=\"https:\/\/www.forum-soegel.de\/information\/wp-content\/uploads\/2013\/04\/Forum-Werkstatt-ist-Werkstatt2-225x300.jpg 225w, https:\/\/www.forum-soegel.de\/information\/wp-content\/uploads\/2013\/04\/Forum-Werkstatt-ist-Werkstatt2.jpg 576w\" sizes=\"auto, (max-width: 225px) 100vw, 225px\" \/><\/a><\/p>\n<p>&nbsp;<\/p>\n","protected":false},"excerpt":{"rendered":"Erweiterung der Ausstellung um die Zeit bis 1945 S\u00f6gel &#8211; Teile der Geschichts- und Zukunftswerkstatt gleichen zurzeit eher einer Handwerkswerkstatt als einer Bildungswerkstatt. Anlass ist die Erweiterung der Pr\u00e4sentation um den Zeitabschnitt von 1867 bis 1945. W\u00e4hrend die geschichtliche Aufarbeitung bisher die Zeit von 1797 bis 1866 abdeckte und die inhaltlich thematischen Vorarbeiten der folgenden [&hellip;]\n","protected":false},"author":2,"featured_media":0,"comment_status":"closed","ping_status":"closed","sticky":false,"template":"","format":"standard","meta":{"ngg_post_thumbnail":0,"footnotes":""},"categories":[5],"tags":[],"class_list":["post-10678","post","type-post","status-publish","format-standard","hentry","category-was-machen-die-vereine"],"_links":{"self":[{"href":"https:\/\/www.forum-soegel.de\/information\/wp-json\/wp\/v2\/posts\/10678","targetHints":{"allow":["GET"]}}],"collection":[{"href":"https:\/\/www.forum-soegel.de\/information\/wp-json\/wp\/v2\/posts"}],"about":[{"href":"https:\/\/www.forum-soegel.de\/information\/wp-json\/wp\/v2\/types\/post"}],"author":[{"embeddable":true,"href":"https:\/\/www.forum-soegel.de\/information\/wp-json\/wp\/v2\/users\/2"}],"replies":[{"embeddable":true,"href":"https:\/\/www.forum-soegel.de\/information\/wp-json\/wp\/v2\/comments?post=10678"}],"version-history":[{"count":1,"href":"https:\/\/www.forum-soegel.de\/information\/wp-json\/wp\/v2\/posts\/10678\/revisions"}],"predecessor-version":[{"id":10681,"href":"https:\/\/www.forum-soegel.de\/information\/wp-json\/wp\/v2\/posts\/10678\/revisions\/10681"}],"wp:attachment":[{"href":"https:\/\/www.forum-soegel.de\/information\/wp-json\/wp\/v2\/media?parent=10678"}],"wp:term":[{"taxonomy":"category","embeddable":true,"href":"https:\/\/www.forum-soegel.de\/information\/wp-json\/wp\/v2\/categories?post=10678"},{"taxonomy":"post_tag","embeddable":true,"href":"https:\/\/www.forum-soegel.de\/information\/wp-json\/wp\/v2\/tags?post=10678"}],"curies":[{"name":"wp","href":"https:\/\/api.w.org\/{rel}","templated":true}]}}