{"id":10675,"date":"2013-05-01T00:35:31","date_gmt":"2013-04-30T22:35:31","guid":{"rendered":"https:\/\/www.forum-soegel.de\/information\/?p=10675"},"modified":"2013-04-28T21:40:41","modified_gmt":"2013-04-28T19:40:41","slug":"generalversammlung-heimatverein-bersen-am-08-marz-2013","status":"publish","type":"post","link":"https:\/\/www.forum-soegel.de\/information\/2013\/05\/generalversammlung-heimatverein-bersen-am-08-marz-2013\/","title":{"rendered":"Generalversammlung Heimatverein Ber\u00dfen am 08. M\u00e4rz 2013"},"content":{"rendered":"<p>Klein Ber\u00dfen &#8211; Die\u00a0 Vorsitzende des Heimatvereins Ber\u00dfen konnte auf der Generalversammlung bei Tee, Rosinenbr\u00f6tchen und Zwieback auf viele Aktivit\u00e4ten im Jahr 2012 zur\u00fcckblicken. Als H\u00f6hepunkte bezeichnete sie die Doppelkopfturniere, die jeweils sehr gut besucht waren, den musikalischen Abend mit dem Shantychor aus Hasel\u00fcnne, den D\u00f6rpharmonikas und der Ber\u00dfener Tanzgruppe, die Planwagenfahrt, sowie den Herbst- und Weihnachtsmarkt auf dem wieder Pfannkuchen gebacken wurden.<\/p>\n<p>F\u00fcr Freude bei den Kindern sorgte unter anderem der als Ferienpassaktion durchgef\u00fchrte Spielenachmittag und die M\u00e4rchenstunde f\u00fcr Kindergarten- und Grundschulkinder.<\/p>\n<p>Der neu eingef\u00fchrte monatliche Kl\u00f6nnachmittag mit Kaffeetrinken und Kartenspielen weckt gro\u00dfe Begeisterung bei den Mitgliedern. Weiterhin wurde der Garten des Heimathauses neu gestaltet und ein Insektenhotel integriert. Erstmalig konnte auch das neu erstellte Vereinslied vorgestellt werden.<\/p>\n<p>Bei den sich anschlie\u00dfenden Neuwahlen konnte B\u00fcrgermeister Theo Kr\u00f6ger als Wahlleiter folgende Wahlen best\u00e4tigen:<\/p>\n<p>1. Vorsitzende:\u00a0\u00a0\u00a0\u00a0\u00a0\u00a0\u00a0\u00a0\u00a0\u00a0\u00a0\u00a0 Marianne Schmalfeldt<\/p>\n<p>2. Vorsitzende:\u00a0\u00a0\u00a0\u00a0\u00a0\u00a0\u00a0\u00a0\u00a0\u00a0\u00a0\u00a0 Marianne Bramlage<\/p>\n<p>Kassenwartin:\u00a0\u00a0\u00a0\u00a0\u00a0\u00a0\u00a0\u00a0\u00a0\u00a0\u00a0\u00a0\u00a0\u00a0 Hannelore Buschen<\/p>\n<p>&#8222;Arbeitsminister&#8220;:\u00a0\u00a0\u00a0\u00a0\u00a0\u00a0\u00a0\u00a0\u00a0 Hermann Perk<\/p>\n<p>Da sich der Schriftf\u00fchrer Gerd Br\u00f6ker nicht wieder zur Wahl stellte, blieb der Posten vakant; er wird bis zur Nachbesetzung durch Hannelore Buschen kommissarisch verwaltet. Danach wurde die Terminplanung f\u00fcr 2013 durch M. Schmalfeldt bekanntgegeben. Weiterhin bedankte sie sich bei allen f\u00fcr die geleistete gute Zusammenarbeit. Die gesamte Veranstaltung wurde von den \u201eBer\u00dfener D\u00f6rpharmonikas\u201c untermalt.<\/p>\n<p>Text: Heimatverein Ber\u00dfen \/ Foto: privat<\/p>\n<div id=\"attachment_10676\" style=\"width: 310px\" class=\"wp-caption alignnone\"><a href=\"https:\/\/www.forum-soegel.de\/information\/wp-content\/uploads\/2013\/04\/Generalversammlung-Heimatverein-Ber\u00dfen.jpg\"><img loading=\"lazy\" decoding=\"async\" aria-describedby=\"caption-attachment-10676\" class=\"size-medium wp-image-10676\" title=\"Generalversammlung Heimatverein Ber\u00dfen\" src=\"https:\/\/www.forum-soegel.de\/information\/wp-content\/uploads\/2013\/04\/Generalversammlung-Heimatverein-Ber\u00dfen-300x137.jpg\" alt=\"\" width=\"300\" height=\"137\" srcset=\"https:\/\/www.forum-soegel.de\/information\/wp-content\/uploads\/2013\/04\/Generalversammlung-Heimatverein-Ber\u00dfen-300x137.jpg 300w, https:\/\/www.forum-soegel.de\/information\/wp-content\/uploads\/2013\/04\/Generalversammlung-Heimatverein-Ber\u00dfen.jpg 1024w\" sizes=\"auto, (max-width: 300px) 100vw, 300px\" \/><\/a><p id=\"caption-attachment-10676\" class=\"wp-caption-text\">Die Vorstandsmitglieder nach der durch B\u00fcrgermeister Kr\u00f6ger best\u00e4tigten Wahl<\/p><\/div>\n","protected":false},"excerpt":{"rendered":"Klein Ber\u00dfen &#8211; Die\u00a0 Vorsitzende des Heimatvereins Ber\u00dfen konnte auf der Generalversammlung bei Tee, Rosinenbr\u00f6tchen und Zwieback auf viele Aktivit\u00e4ten im Jahr 2012 zur\u00fcckblicken. Als H\u00f6hepunkte bezeichnete sie die Doppelkopfturniere, die jeweils sehr gut besucht waren, den musikalischen Abend mit dem Shantychor aus Hasel\u00fcnne, den D\u00f6rpharmonikas und der Ber\u00dfener Tanzgruppe, die Planwagenfahrt, sowie den Herbst- [&hellip;]\n","protected":false},"author":2,"featured_media":0,"comment_status":"closed","ping_status":"closed","sticky":false,"template":"","format":"standard","meta":{"ngg_post_thumbnail":0,"footnotes":""},"categories":[5],"tags":[],"class_list":["post-10675","post","type-post","status-publish","format-standard","hentry","category-was-machen-die-vereine"],"_links":{"self":[{"href":"https:\/\/www.forum-soegel.de\/information\/wp-json\/wp\/v2\/posts\/10675","targetHints":{"allow":["GET"]}}],"collection":[{"href":"https:\/\/www.forum-soegel.de\/information\/wp-json\/wp\/v2\/posts"}],"about":[{"href":"https:\/\/www.forum-soegel.de\/information\/wp-json\/wp\/v2\/types\/post"}],"author":[{"embeddable":true,"href":"https:\/\/www.forum-soegel.de\/information\/wp-json\/wp\/v2\/users\/2"}],"replies":[{"embeddable":true,"href":"https:\/\/www.forum-soegel.de\/information\/wp-json\/wp\/v2\/comments?post=10675"}],"version-history":[{"count":1,"href":"https:\/\/www.forum-soegel.de\/information\/wp-json\/wp\/v2\/posts\/10675\/revisions"}],"predecessor-version":[{"id":10677,"href":"https:\/\/www.forum-soegel.de\/information\/wp-json\/wp\/v2\/posts\/10675\/revisions\/10677"}],"wp:attachment":[{"href":"https:\/\/www.forum-soegel.de\/information\/wp-json\/wp\/v2\/media?parent=10675"}],"wp:term":[{"taxonomy":"category","embeddable":true,"href":"https:\/\/www.forum-soegel.de\/information\/wp-json\/wp\/v2\/categories?post=10675"},{"taxonomy":"post_tag","embeddable":true,"href":"https:\/\/www.forum-soegel.de\/information\/wp-json\/wp\/v2\/tags?post=10675"}],"curies":[{"name":"wp","href":"https:\/\/api.w.org\/{rel}","templated":true}]}}