{"id":10671,"date":"2013-05-01T00:31:12","date_gmt":"2013-04-30T22:31:12","guid":{"rendered":"https:\/\/www.forum-soegel.de\/information\/?p=10671"},"modified":"2013-04-28T21:35:20","modified_gmt":"2013-04-28T19:35:20","slug":"osterkranz-schmuckt-den-gemeindestein","status":"publish","type":"post","link":"https:\/\/www.forum-soegel.de\/information\/2013\/05\/osterkranz-schmuckt-den-gemeindestein\/","title":{"rendered":"Osterkranz schm\u00fcckt den Gemeindestein"},"content":{"rendered":"<p><a href=\"https:\/\/www.forum-soegel.de\/information\/wp-content\/uploads\/2013\/04\/Osterkranz-schm\u00fcckt-den-Gemeindestein2.png\"><img loading=\"lazy\" decoding=\"async\" class=\"alignleft size-thumbnail wp-image-10673\" title=\"Osterkranz schm\u00fcckt den Gemeindestein2\" src=\"https:\/\/www.forum-soegel.de\/information\/wp-content\/uploads\/2013\/04\/Osterkranz-schm\u00fcckt-den-Gemeindestein2-150x150.png\" alt=\"\" width=\"150\" height=\"150\" \/><\/a>Klein Ber\u00dfen &#8211; Reges Treiben herrschte an einem Vormittag vor dem Palmsonntag auf dem Vorplatz der Kirche und des B\u00fcrgerhauses in Klein Ber\u00dfen. Gemeinsam mit einigen Frauen des Heimatvereines Ber\u00dfen schm\u00fcckten Kinder des Kindergartens Regenbogenland den Gemeindestein mit einem Osterkranz.<\/p>\n<p>Die Frauen hatten zuvor einen f\u00fcnf Meter langen Kranz aus Buchsbaum gebunden und die Kinder f\u00e4delten im Kindergarten 100\u00a0 bunte Plastikeier auf.<\/p>\n<p>Gemeinsam wurde dann der Kranz um den Stein gelegt und mit den Eierb\u00e4ndern umwickelt.<\/p>\n<p>B\u00fcrgermeister Theo Kr\u00f6ger bedankte sich bei den Kindern\u00a0 des Kindergartens und den Frauen des Heimatvereines recht herzlich und freute sich \u00fcber den geschm\u00fcckten Stein in seiner Gemeinde. Die Vorsitzende des Heimatvereines Marianne Schmalfeldt und die Leiterin des Kindergartens, Hannelore Buschen freuten sich ebenfalls \u00fcber diese gelungene Aktion und werden sich auch im n\u00e4chsten Jahr darum k\u00fcmmern, dass der Gemeindestein in Klein Ber\u00dfen zur Osterzeit wieder geschm\u00fcckt wird.<\/p>\n<p>Text\/Foto: Hannelore Buschen<\/p>\n<div id=\"attachment_10672\" style=\"width: 310px\" class=\"wp-caption alignnone\"><a href=\"https:\/\/www.forum-soegel.de\/information\/wp-content\/uploads\/2013\/04\/Osterkranz-schm\u00fcckt-den-Gemeindestein1.jpg\"><img loading=\"lazy\" decoding=\"async\" aria-describedby=\"caption-attachment-10672\" class=\"size-medium wp-image-10672\" title=\"Osterkranz schm\u00fcckt den Gemeindestein1\" src=\"https:\/\/www.forum-soegel.de\/information\/wp-content\/uploads\/2013\/04\/Osterkranz-schm\u00fcckt-den-Gemeindestein1-300x225.jpg\" alt=\"\" width=\"300\" height=\"225\" srcset=\"https:\/\/www.forum-soegel.de\/information\/wp-content\/uploads\/2013\/04\/Osterkranz-schm\u00fcckt-den-Gemeindestein1-300x225.jpg 300w, https:\/\/www.forum-soegel.de\/information\/wp-content\/uploads\/2013\/04\/Osterkranz-schm\u00fcckt-den-Gemeindestein1.jpg 1024w\" sizes=\"auto, (max-width: 300px) 100vw, 300px\" \/><\/a><p id=\"caption-attachment-10672\" class=\"wp-caption-text\">Kinder und Frauen beim Schm\u00fccken<\/p><\/div>\n","protected":false},"excerpt":{"rendered":"Klein Ber\u00dfen &#8211; Reges Treiben herrschte an einem Vormittag vor dem Palmsonntag auf dem Vorplatz der Kirche und des B\u00fcrgerhauses in Klein Ber\u00dfen. Gemeinsam mit einigen Frauen des Heimatvereines Ber\u00dfen schm\u00fcckten Kinder des Kindergartens Regenbogenland den Gemeindestein mit einem Osterkranz. Die Frauen hatten zuvor einen f\u00fcnf Meter langen Kranz aus Buchsbaum gebunden und die Kinder [&hellip;]\n","protected":false},"author":2,"featured_media":0,"comment_status":"closed","ping_status":"closed","sticky":false,"template":"","format":"standard","meta":{"ngg_post_thumbnail":0,"footnotes":""},"categories":[868],"tags":[],"class_list":["post-10671","post","type-post","status-publish","format-standard","hentry","category-zwischen-himmel-und-erde"],"_links":{"self":[{"href":"https:\/\/www.forum-soegel.de\/information\/wp-json\/wp\/v2\/posts\/10671","targetHints":{"allow":["GET"]}}],"collection":[{"href":"https:\/\/www.forum-soegel.de\/information\/wp-json\/wp\/v2\/posts"}],"about":[{"href":"https:\/\/www.forum-soegel.de\/information\/wp-json\/wp\/v2\/types\/post"}],"author":[{"embeddable":true,"href":"https:\/\/www.forum-soegel.de\/information\/wp-json\/wp\/v2\/users\/2"}],"replies":[{"embeddable":true,"href":"https:\/\/www.forum-soegel.de\/information\/wp-json\/wp\/v2\/comments?post=10671"}],"version-history":[{"count":1,"href":"https:\/\/www.forum-soegel.de\/information\/wp-json\/wp\/v2\/posts\/10671\/revisions"}],"predecessor-version":[{"id":10674,"href":"https:\/\/www.forum-soegel.de\/information\/wp-json\/wp\/v2\/posts\/10671\/revisions\/10674"}],"wp:attachment":[{"href":"https:\/\/www.forum-soegel.de\/information\/wp-json\/wp\/v2\/media?parent=10671"}],"wp:term":[{"taxonomy":"category","embeddable":true,"href":"https:\/\/www.forum-soegel.de\/information\/wp-json\/wp\/v2\/categories?post=10671"},{"taxonomy":"post_tag","embeddable":true,"href":"https:\/\/www.forum-soegel.de\/information\/wp-json\/wp\/v2\/tags?post=10671"}],"curies":[{"name":"wp","href":"https:\/\/api.w.org\/{rel}","templated":true}]}}