{"id":10665,"date":"2013-05-01T00:22:12","date_gmt":"2013-04-30T22:22:12","guid":{"rendered":"https:\/\/www.forum-soegel.de\/information\/?p=10665"},"modified":"2013-04-28T21:30:50","modified_gmt":"2013-04-28T19:30:50","slug":"72-stunden-sozialaktion-des-bdkj-in-deutschland-vom-13-06-2013-%e2%80%93-16-06-2013","status":"publish","type":"post","link":"https:\/\/www.forum-soegel.de\/information\/2013\/05\/72-stunden-sozialaktion-des-bdkj-in-deutschland-vom-13-06-2013-%e2%80%93-16-06-2013\/","title":{"rendered":"72 Stunden  Sozialaktion des BDKJ in Deutschland vom 13.06.2013 \u2013 16.06.2013"},"content":{"rendered":"<p>Unter dem Motto \u201eUns schickt der Himmel\u201c setzen sich bei der bundesweit gr\u00f6\u00dften Sozialaktion im Jahr 2013 junge Katholikinnen und Katholiken f\u00fcr das Gute ein. In 72 Stunden realisieren sie eine gemeinn\u00fctzige soziale, \u00f6kologische, interkulturelle oder politische Aufgabe und setzen damit ein deutliches Zeichen f\u00fcr Solidarit\u00e4t. Erstmals findet die Aktion in allen Bist\u00fcmern und damit im gesamten Bundesgebiet statt. Mit Spa\u00df und Engagement werden Kinder, Jugendliche und junge Erwachsene im Rahmen der 72-Stunden-Aktion dort anpacken, wo es sonst niemand tut, wo Geld oder die Bereitschaft, anderen unter die Arme zu greifen, fehlen. Motor f\u00fcr die Aktion ist die \u00dcberzeugung, dass ein Handeln aus einem christlichen Verst\u00e4ndnis heraus die Welt besser machen kann.<\/p>\n<p>Text: www.72stunden.de<\/p>\n<p><a href=\"https:\/\/www.forum-soegel.de\/information\/wp-content\/uploads\/2013\/04\/72-Stunden-Stavern1.jpg\"><img loading=\"lazy\" decoding=\"async\" class=\"alignnone size-thumbnail wp-image-10666\" title=\"72 Stunden Stavern1\" src=\"https:\/\/www.forum-soegel.de\/information\/wp-content\/uploads\/2013\/04\/72-Stunden-Stavern1-150x150.jpg\" alt=\"\" width=\"150\" height=\"150\" \/><\/a>\u00a0\u00a0<a href=\"https:\/\/www.forum-soegel.de\/information\/wp-content\/uploads\/2013\/04\/72-Stunden-Stavern2.jpg\"><img loading=\"lazy\" decoding=\"async\" class=\"alignnone size-thumbnail wp-image-10667\" title=\"72 Stunden Stavern2\" src=\"https:\/\/www.forum-soegel.de\/information\/wp-content\/uploads\/2013\/04\/72-Stunden-Stavern2-150x150.jpg\" alt=\"\" width=\"150\" height=\"150\" \/><\/a><\/p>\n","protected":false},"excerpt":{"rendered":"Unter dem Motto \u201eUns schickt der Himmel\u201c setzen sich bei der bundesweit gr\u00f6\u00dften Sozialaktion im Jahr 2013 junge Katholikinnen und Katholiken f\u00fcr das Gute ein. In 72 Stunden realisieren sie eine gemeinn\u00fctzige soziale, \u00f6kologische, interkulturelle oder politische Aufgabe und setzen damit ein deutliches Zeichen f\u00fcr Solidarit\u00e4t. Erstmals findet die Aktion in allen Bist\u00fcmern und damit [&hellip;]\n","protected":false},"author":2,"featured_media":0,"comment_status":"closed","ping_status":"closed","sticky":false,"template":"","format":"standard","meta":{"ngg_post_thumbnail":0,"footnotes":""},"categories":[868],"tags":[],"class_list":["post-10665","post","type-post","status-publish","format-standard","hentry","category-zwischen-himmel-und-erde"],"_links":{"self":[{"href":"https:\/\/www.forum-soegel.de\/information\/wp-json\/wp\/v2\/posts\/10665","targetHints":{"allow":["GET"]}}],"collection":[{"href":"https:\/\/www.forum-soegel.de\/information\/wp-json\/wp\/v2\/posts"}],"about":[{"href":"https:\/\/www.forum-soegel.de\/information\/wp-json\/wp\/v2\/types\/post"}],"author":[{"embeddable":true,"href":"https:\/\/www.forum-soegel.de\/information\/wp-json\/wp\/v2\/users\/2"}],"replies":[{"embeddable":true,"href":"https:\/\/www.forum-soegel.de\/information\/wp-json\/wp\/v2\/comments?post=10665"}],"version-history":[{"count":2,"href":"https:\/\/www.forum-soegel.de\/information\/wp-json\/wp\/v2\/posts\/10665\/revisions"}],"predecessor-version":[{"id":10669,"href":"https:\/\/www.forum-soegel.de\/information\/wp-json\/wp\/v2\/posts\/10665\/revisions\/10669"}],"wp:attachment":[{"href":"https:\/\/www.forum-soegel.de\/information\/wp-json\/wp\/v2\/media?parent=10665"}],"wp:term":[{"taxonomy":"category","embeddable":true,"href":"https:\/\/www.forum-soegel.de\/information\/wp-json\/wp\/v2\/categories?post=10665"},{"taxonomy":"post_tag","embeddable":true,"href":"https:\/\/www.forum-soegel.de\/information\/wp-json\/wp\/v2\/tags?post=10665"}],"curies":[{"name":"wp","href":"https:\/\/api.w.org\/{rel}","templated":true}]}}