{"id":10662,"date":"2013-05-01T00:18:18","date_gmt":"2013-04-30T22:18:18","guid":{"rendered":"https:\/\/www.forum-soegel.de\/information\/?p=10662"},"modified":"2013-04-28T21:22:00","modified_gmt":"2013-04-28T19:22:00","slug":"osterfeuer-in-spahnharrenstatte","status":"publish","type":"post","link":"https:\/\/www.forum-soegel.de\/information\/2013\/05\/osterfeuer-in-spahnharrenstatte\/","title":{"rendered":"Osterfeuer in Spahnharrenst\u00e4tte"},"content":{"rendered":"<p>Spahnharrenst\u00e4tte &#8211; Das j\u00e4hrlich am Ostersonntag stattfindende Osterfeuer, welches vom Sportverein Gr\u00fcn-Wei\u00df Spahnharrenst\u00e4tte organisiert wird, fand in diesem Jahr in einem ver\u00e4nderten Rahmen statt.<\/p>\n<p>Erstmalig startete das Osterfeuer mit einem Fackelzug. Die Fackeln wurden in der Kirche an der Osterkerze entz\u00fcndet und dann \u00fcber den Schulweg bis zum L\u00fcns Hus getragen.<\/p>\n<p>Die Feuerwehr Spahnharrenst\u00e4tte sicherte die Prozession.<\/p>\n<p>F\u00fcr die musikalische Begleitung war die Sch\u00fctzenkapelle unter der neuen Dirigentin Marina Kessens zust\u00e4ndig.<\/p>\n<p>Diakon Burkhard Becker sorgte f\u00fcr den kirchlichen Ablauf und nahm die Segnung des Osterfeuers vor.<\/p>\n<p>Die Beteiligung w\u00e4re sicherlich noch besser gewesen, wenn statt der weihnachtlichen Temperaturen fr\u00fchlinghaftes Wetter geherrscht h\u00e4tte.<\/p>\n<p>&nbsp;<\/p>\n<p>Text\/Foto: Werner R\u00fcdebusch<\/p>\n<p><a href=\"https:\/\/www.forum-soegel.de\/information\/wp-content\/uploads\/2013\/04\/Osterfeuer-in-Spahnharrenst\u00e4tte.jpg\"><img loading=\"lazy\" decoding=\"async\" class=\"alignnone size-medium wp-image-10663\" title=\"Osterfeuer in Spahnharrenst\u00e4tte\" src=\"https:\/\/www.forum-soegel.de\/information\/wp-content\/uploads\/2013\/04\/Osterfeuer-in-Spahnharrenst\u00e4tte-300x200.jpg\" alt=\"\" width=\"300\" height=\"200\" srcset=\"https:\/\/www.forum-soegel.de\/information\/wp-content\/uploads\/2013\/04\/Osterfeuer-in-Spahnharrenst\u00e4tte-300x200.jpg 300w, https:\/\/www.forum-soegel.de\/information\/wp-content\/uploads\/2013\/04\/Osterfeuer-in-Spahnharrenst\u00e4tte.jpg 1024w\" sizes=\"auto, (max-width: 300px) 100vw, 300px\" \/><\/a><\/p>\n","protected":false},"excerpt":{"rendered":"Spahnharrenst\u00e4tte &#8211; Das j\u00e4hrlich am Ostersonntag stattfindende Osterfeuer, welches vom Sportverein Gr\u00fcn-Wei\u00df Spahnharrenst\u00e4tte organisiert wird, fand in diesem Jahr in einem ver\u00e4nderten Rahmen statt. Erstmalig startete das Osterfeuer mit einem Fackelzug. Die Fackeln wurden in der Kirche an der Osterkerze entz\u00fcndet und dann \u00fcber den Schulweg bis zum L\u00fcns Hus getragen. Die Feuerwehr Spahnharrenst\u00e4tte sicherte [&hellip;]\n","protected":false},"author":2,"featured_media":0,"comment_status":"closed","ping_status":"closed","sticky":false,"template":"","format":"standard","meta":{"ngg_post_thumbnail":0,"footnotes":""},"categories":[868],"tags":[],"class_list":["post-10662","post","type-post","status-publish","format-standard","hentry","category-zwischen-himmel-und-erde"],"_links":{"self":[{"href":"https:\/\/www.forum-soegel.de\/information\/wp-json\/wp\/v2\/posts\/10662","targetHints":{"allow":["GET"]}}],"collection":[{"href":"https:\/\/www.forum-soegel.de\/information\/wp-json\/wp\/v2\/posts"}],"about":[{"href":"https:\/\/www.forum-soegel.de\/information\/wp-json\/wp\/v2\/types\/post"}],"author":[{"embeddable":true,"href":"https:\/\/www.forum-soegel.de\/information\/wp-json\/wp\/v2\/users\/2"}],"replies":[{"embeddable":true,"href":"https:\/\/www.forum-soegel.de\/information\/wp-json\/wp\/v2\/comments?post=10662"}],"version-history":[{"count":1,"href":"https:\/\/www.forum-soegel.de\/information\/wp-json\/wp\/v2\/posts\/10662\/revisions"}],"predecessor-version":[{"id":10664,"href":"https:\/\/www.forum-soegel.de\/information\/wp-json\/wp\/v2\/posts\/10662\/revisions\/10664"}],"wp:attachment":[{"href":"https:\/\/www.forum-soegel.de\/information\/wp-json\/wp\/v2\/media?parent=10662"}],"wp:term":[{"taxonomy":"category","embeddable":true,"href":"https:\/\/www.forum-soegel.de\/information\/wp-json\/wp\/v2\/categories?post=10662"},{"taxonomy":"post_tag","embeddable":true,"href":"https:\/\/www.forum-soegel.de\/information\/wp-json\/wp\/v2\/tags?post=10662"}],"curies":[{"name":"wp","href":"https:\/\/api.w.org\/{rel}","templated":true}]}}