{"id":10658,"date":"2013-05-01T00:14:36","date_gmt":"2013-04-30T22:14:36","guid":{"rendered":"https:\/\/www.forum-soegel.de\/information\/?p=10658"},"modified":"2013-04-28T21:18:13","modified_gmt":"2013-04-28T19:18:13","slug":"osterfeuer-2013-in-stavern","status":"publish","type":"post","link":"https:\/\/www.forum-soegel.de\/information\/2013\/05\/osterfeuer-2013-in-stavern\/","title":{"rendered":"Osterfeuer 2013 in Stavern"},"content":{"rendered":"<p>Stavern &#8211; Wie bereits in den Jahren zuvor, stellte die KLJB Stavern auch in diesem Jahr unglaubliches auf die Beine. Am Anfang der Fastenzeit fingen die Vorbereitungen an. Es wurde geplant, organisiert, gebaut und vor allem auch gebastelt.<\/p>\n<p>In Stavern gibt es die sch\u00f6ne Tradition, dass in der Osternacht f\u00fcr jeden Haushalt ein Ostergru\u00df selbst gebastelt und eigenh\u00e4ndig verteilt wird. So findet am Ostersonntag jede Familie eine kleine Oster\u00fcberraschung vor ihrer Haust\u00fcr.<\/p>\n<p>Nach nur ein paar Stunden Schlaf sind die Jugendlichen dann wieder beim Sch\u00fctzenplatz zu finden, wo das allj\u00e4hrliche Osterfeuer stattfindet. Unerm\u00fcdlich wird der Sch\u00fctzenplatz, durch die Jugendlichen, mit viel Liebe zum Detail \u201egem\u00fctlich\u201c hergerichtet, so dass selbst das kalte Wetter die Menschen nicht abgehalten hat zu kommen. Lichterketten wurden auf gehangen, das eigene Zelt geheizt, Feuerk\u00f6rbe aufgestellt und Stockbrot f\u00fcr die Kinder vorbereitet. Sogar ein Osternest f\u00fcr Klein und Gro\u00df wurde mit S\u00fc\u00dfigkeiten best\u00fcckt und auch die W\u00fcrstchenbude sowie der Getr\u00e4nkestand fehlten nicht. Die Feuerwehr aus Ber\u00dfen sorgte f\u00fcr die Sicherheit und die Kinder hatten die M\u00f6glichkeit eine kleine Tour im Feuerwehrwagen mitzufahren.<\/p>\n<p>Erstmals in diesem Jahr fand im Zelt der Jugendgottesdienst statt. Auf kleinem Raum fanden im und vor dem Zelt ca. 120 Personen Platz und feierten mit Pastor Horstmann einen sch\u00f6nen Gottesdienst. Musikalisch wurde der Gottesdienst vom Singekreis aus Stavern mit vorbereitet. Nach Segnung des Osterfeuers durch Pastor Horstmann entz\u00fcndete der Landjungendvorstand dieses. Das Feuer hierzu wurde von der selbstgestalteten Osterkerze, aus der Liturgischen Nacht der Jugend am Gr\u00fcndonnerstag, entnommen.<\/p>\n<p>Dank der vielen Besucher, die sich von dem kalten Wetter nicht abschrecken lie\u00dfen, wurde das Osterfeuer 2013 zu einem vollen Erfolg!<\/p>\n<p>Text: Melanie Brinker, KLJB \/ Foto: Maik Brinker<\/p>\n<div id=\"attachment_10659\" style=\"width: 235px\" class=\"wp-caption alignnone\"><a href=\"https:\/\/www.forum-soegel.de\/information\/wp-content\/uploads\/2013\/04\/Osterfeuer-2013-in-Stavern2.jpg\"><img loading=\"lazy\" decoding=\"async\" aria-describedby=\"caption-attachment-10659\" class=\"size-medium wp-image-10659\" title=\"Osterfeuer 2013 in Stavern2\" src=\"https:\/\/www.forum-soegel.de\/information\/wp-content\/uploads\/2013\/04\/Osterfeuer-2013-in-Stavern2-225x300.jpg\" alt=\"\" width=\"225\" height=\"300\" srcset=\"https:\/\/www.forum-soegel.de\/information\/wp-content\/uploads\/2013\/04\/Osterfeuer-2013-in-Stavern2-225x300.jpg 225w, https:\/\/www.forum-soegel.de\/information\/wp-content\/uploads\/2013\/04\/Osterfeuer-2013-in-Stavern2.jpg 480w\" sizes=\"auto, (max-width: 225px) 100vw, 225px\" \/><\/a>\u00a0\u00a0<p id=\"caption-attachment-10659\" class=\"wp-caption-text\">Der diesj\u00e4hrige Ostergruss  <\/p><\/div>\n<div id=\"attachment_10660\" style=\"width: 310px\" class=\"wp-caption alignnone\"><a href=\"https:\/\/www.forum-soegel.de\/information\/wp-content\/uploads\/2013\/04\/Osterfeuer-2013-in-Stavern1.jpg\"><img loading=\"lazy\" decoding=\"async\" aria-describedby=\"caption-attachment-10660\" class=\"size-medium wp-image-10660\" title=\"Osterfeuer 2013 in Stavern1\" src=\"https:\/\/www.forum-soegel.de\/information\/wp-content\/uploads\/2013\/04\/Osterfeuer-2013-in-Stavern1-300x200.jpg\" alt=\"\" width=\"300\" height=\"200\" srcset=\"https:\/\/www.forum-soegel.de\/information\/wp-content\/uploads\/2013\/04\/Osterfeuer-2013-in-Stavern1-300x200.jpg 300w, https:\/\/www.forum-soegel.de\/information\/wp-content\/uploads\/2013\/04\/Osterfeuer-2013-in-Stavern1.jpg 1024w\" sizes=\"auto, (max-width: 300px) 100vw, 300px\" \/><\/a><p id=\"caption-attachment-10660\" class=\"wp-caption-text\">Entnahme des Feuers von der selbstgestalteten Osterkerze<\/p><\/div>\n","protected":false},"excerpt":{"rendered":"Stavern &#8211; Wie bereits in den Jahren zuvor, stellte die KLJB Stavern auch in diesem Jahr unglaubliches auf die Beine. Am Anfang der Fastenzeit fingen die Vorbereitungen an. Es wurde geplant, organisiert, gebaut und vor allem auch gebastelt. In Stavern gibt es die sch\u00f6ne Tradition, dass in der Osternacht f\u00fcr jeden Haushalt ein Ostergru\u00df selbst [&hellip;]\n","protected":false},"author":2,"featured_media":0,"comment_status":"closed","ping_status":"closed","sticky":false,"template":"","format":"standard","meta":{"ngg_post_thumbnail":0,"footnotes":""},"categories":[868],"tags":[],"class_list":["post-10658","post","type-post","status-publish","format-standard","hentry","category-zwischen-himmel-und-erde"],"_links":{"self":[{"href":"https:\/\/www.forum-soegel.de\/information\/wp-json\/wp\/v2\/posts\/10658","targetHints":{"allow":["GET"]}}],"collection":[{"href":"https:\/\/www.forum-soegel.de\/information\/wp-json\/wp\/v2\/posts"}],"about":[{"href":"https:\/\/www.forum-soegel.de\/information\/wp-json\/wp\/v2\/types\/post"}],"author":[{"embeddable":true,"href":"https:\/\/www.forum-soegel.de\/information\/wp-json\/wp\/v2\/users\/2"}],"replies":[{"embeddable":true,"href":"https:\/\/www.forum-soegel.de\/information\/wp-json\/wp\/v2\/comments?post=10658"}],"version-history":[{"count":1,"href":"https:\/\/www.forum-soegel.de\/information\/wp-json\/wp\/v2\/posts\/10658\/revisions"}],"predecessor-version":[{"id":10661,"href":"https:\/\/www.forum-soegel.de\/information\/wp-json\/wp\/v2\/posts\/10658\/revisions\/10661"}],"wp:attachment":[{"href":"https:\/\/www.forum-soegel.de\/information\/wp-json\/wp\/v2\/media?parent=10658"}],"wp:term":[{"taxonomy":"category","embeddable":true,"href":"https:\/\/www.forum-soegel.de\/information\/wp-json\/wp\/v2\/categories?post=10658"},{"taxonomy":"post_tag","embeddable":true,"href":"https:\/\/www.forum-soegel.de\/information\/wp-json\/wp\/v2\/tags?post=10658"}],"curies":[{"name":"wp","href":"https:\/\/api.w.org\/{rel}","templated":true}]}}