{"id":10655,"date":"2013-05-01T00:12:16","date_gmt":"2013-04-30T22:12:16","guid":{"rendered":"https:\/\/www.forum-soegel.de\/information\/?p=10655"},"modified":"2013-04-28T21:14:32","modified_gmt":"2013-04-28T19:14:32","slug":"kfd-stavern-neustrukturierung-seniorenleitungsteam","status":"publish","type":"post","link":"https:\/\/www.forum-soegel.de\/information\/2013\/05\/kfd-stavern-neustrukturierung-seniorenleitungsteam\/","title":{"rendered":"KFD Stavern &#8211; Neustrukturierung Seniorenleitungsteam"},"content":{"rendered":"<p>Stavern &#8211; Nach langj\u00e4hriger T\u00e4tigkeit des Seniorenleitungsteams der KFD Stavern, hat sich dieses dazu entschlossen ihre \u00c4mter, den \u201ej\u00fcngeren\u201c Senioren, zur Verf\u00fcgung zu stellen. Frau Maria Bartels, die bereits vor 25 Jahren das Seniorenleitungsteam gr\u00fcndete, erkl\u00e4rte, dass die hier engagierten Frauen ihre abwechslungsreichen Unternehmungen gerne ausgef\u00fchrt haben.<\/p>\n<p>W\u00e4hrend der Generalversammlung der KFD Stavern wurde das neue Seniorenleitungsteam begr\u00fc\u00dft und vorgestellt. Hierzu geh\u00f6ren Hildegard Schulte, Anni Bahns, Anne Wester, Leni Wessels, Ruth B\u00fcter und Lisa Wessels. Als Ansprechpartner stehen Hildegard Schulte und Anni Bahns zur Verf\u00fcgung. Der Vorstand der KFD Stavern w\u00fcnscht dem neuen Seniorenleitungsteam Motivation, Kreativit\u00e4t, gute Zusammenarbeit und viel Erfolg bei der Umsetzung ihrer vielf\u00e4ltigen, ehrenamtlich Aufgaben.<\/p>\n<p>Text\/Foto: M. Stahlhut, KFD<\/p>\n<div id=\"attachment_10656\" style=\"width: 310px\" class=\"wp-caption alignnone\"><a href=\"https:\/\/www.forum-soegel.de\/information\/wp-content\/uploads\/2013\/04\/KFD-Stavern-Neustrukturierung-Seniorenleitungsteam.jpg\"><img loading=\"lazy\" decoding=\"async\" aria-describedby=\"caption-attachment-10656\" class=\"size-medium wp-image-10656\" title=\"KFD Stavern - Neustrukturierung Seniorenleitungsteam\" src=\"https:\/\/www.forum-soegel.de\/information\/wp-content\/uploads\/2013\/04\/KFD-Stavern-Neustrukturierung-Seniorenleitungsteam-300x200.jpg\" alt=\"\" width=\"300\" height=\"200\" srcset=\"https:\/\/www.forum-soegel.de\/information\/wp-content\/uploads\/2013\/04\/KFD-Stavern-Neustrukturierung-Seniorenleitungsteam-300x200.jpg 300w, https:\/\/www.forum-soegel.de\/information\/wp-content\/uploads\/2013\/04\/KFD-Stavern-Neustrukturierung-Seniorenleitungsteam.jpg 1024w\" sizes=\"auto, (max-width: 300px) 100vw, 300px\" \/><\/a><p id=\"caption-attachment-10656\" class=\"wp-caption-text\">Das neue Seniorenleitungsteam<\/p><\/div>\n","protected":false},"excerpt":{"rendered":"Stavern &#8211; Nach langj\u00e4hriger T\u00e4tigkeit des Seniorenleitungsteams der KFD Stavern, hat sich dieses dazu entschlossen ihre \u00c4mter, den \u201ej\u00fcngeren\u201c Senioren, zur Verf\u00fcgung zu stellen. Frau Maria Bartels, die bereits vor 25 Jahren das Seniorenleitungsteam gr\u00fcndete, erkl\u00e4rte, dass die hier engagierten Frauen ihre abwechslungsreichen Unternehmungen gerne ausgef\u00fchrt haben. W\u00e4hrend der Generalversammlung der KFD Stavern wurde das [&hellip;]\n","protected":false},"author":2,"featured_media":0,"comment_status":"closed","ping_status":"closed","sticky":false,"template":"","format":"standard","meta":{"ngg_post_thumbnail":0,"footnotes":""},"categories":[868],"tags":[],"class_list":["post-10655","post","type-post","status-publish","format-standard","hentry","category-zwischen-himmel-und-erde"],"_links":{"self":[{"href":"https:\/\/www.forum-soegel.de\/information\/wp-json\/wp\/v2\/posts\/10655","targetHints":{"allow":["GET"]}}],"collection":[{"href":"https:\/\/www.forum-soegel.de\/information\/wp-json\/wp\/v2\/posts"}],"about":[{"href":"https:\/\/www.forum-soegel.de\/information\/wp-json\/wp\/v2\/types\/post"}],"author":[{"embeddable":true,"href":"https:\/\/www.forum-soegel.de\/information\/wp-json\/wp\/v2\/users\/2"}],"replies":[{"embeddable":true,"href":"https:\/\/www.forum-soegel.de\/information\/wp-json\/wp\/v2\/comments?post=10655"}],"version-history":[{"count":1,"href":"https:\/\/www.forum-soegel.de\/information\/wp-json\/wp\/v2\/posts\/10655\/revisions"}],"predecessor-version":[{"id":10657,"href":"https:\/\/www.forum-soegel.de\/information\/wp-json\/wp\/v2\/posts\/10655\/revisions\/10657"}],"wp:attachment":[{"href":"https:\/\/www.forum-soegel.de\/information\/wp-json\/wp\/v2\/media?parent=10655"}],"wp:term":[{"taxonomy":"category","embeddable":true,"href":"https:\/\/www.forum-soegel.de\/information\/wp-json\/wp\/v2\/categories?post=10655"},{"taxonomy":"post_tag","embeddable":true,"href":"https:\/\/www.forum-soegel.de\/information\/wp-json\/wp\/v2\/tags?post=10655"}],"curies":[{"name":"wp","href":"https:\/\/api.w.org\/{rel}","templated":true}]}}