{"id":10652,"date":"2013-05-01T00:09:58","date_gmt":"2013-04-30T22:09:58","guid":{"rendered":"https:\/\/www.forum-soegel.de\/information\/?p=10652"},"modified":"2013-04-28T21:12:10","modified_gmt":"2013-04-28T19:12:10","slug":"neuer-vorstand-der-kfd-spahnharrenstatte","status":"publish","type":"post","link":"https:\/\/www.forum-soegel.de\/information\/2013\/05\/neuer-vorstand-der-kfd-spahnharrenstatte\/","title":{"rendered":"Neuer Vorstand der kfd Spahnharrenst\u00e4tte"},"content":{"rendered":"<p>Spahnharrenst\u00e4tte &#8211; Nachdem auf der diesj\u00e4hrigen Generalversammlung der kfd keine Frauen f\u00fcr die Mitarbeit im Vorstand bereit waren, konnte kein neuer Vorstand gebildet werden. Die kfd Spahnharrenst\u00e4tte stand nach ihrem hundertj\u00e4hrigen Bestehen im letzten Jahr kurzzeitig vor der Aufl\u00f6sung.<\/p>\n<p>In den folgenden Wochen haben sich noch drei Frauen f\u00fcr die Mitarbeit im\u00a0 Vorstand bereit erkl\u00e4rt.\u00a0 Der Vorstand hat sich in diesem Jahr auf sechs Frauen verkleinert.<\/p>\n<p>F\u00fcr die k\u00fcnftige Vorstandsarbeit stellen sich Andrea Wigbers, Doreen Tigelaar und Thekla Perk zur Verf\u00fcgung. Sie unterst\u00fctzen die im Amt bleibenden Vorstandsfrauen Rita Tieben, Renate Kleymann und Thea Henschel.<\/p>\n<p>Der Vorstand bedankte sich bei den ausgeschiedenen Vorstandsmitgliedern Maria Beusing, Anne Horstmann, Helga Bohlsen und Hannelore Jansen mit einem Blumenstrau\u00df.<\/p>\n<p>Text: Thea Henschel, SPH-V \/ Foto: Hermann Beusing<\/p>\n<p><a href=\"https:\/\/www.forum-soegel.de\/information\/wp-content\/uploads\/2013\/04\/Neuer-Vorstand-der-KFD-Spahnharrenst\u00e4tte.jpg\"><img loading=\"lazy\" decoding=\"async\" class=\"alignnone size-medium wp-image-10653\" title=\"Neuer Vorstand der KFD Spahnharrenst\u00e4tte\" src=\"https:\/\/www.forum-soegel.de\/information\/wp-content\/uploads\/2013\/04\/Neuer-Vorstand-der-KFD-Spahnharrenst\u00e4tte-300x200.jpg\" alt=\"\" width=\"300\" height=\"200\" srcset=\"https:\/\/www.forum-soegel.de\/information\/wp-content\/uploads\/2013\/04\/Neuer-Vorstand-der-KFD-Spahnharrenst\u00e4tte-300x200.jpg 300w, https:\/\/www.forum-soegel.de\/information\/wp-content\/uploads\/2013\/04\/Neuer-Vorstand-der-KFD-Spahnharrenst\u00e4tte.jpg 800w\" sizes=\"auto, (max-width: 300px) 100vw, 300px\" \/><\/a><\/p>\n","protected":false},"excerpt":{"rendered":"Spahnharrenst\u00e4tte &#8211; Nachdem auf der diesj\u00e4hrigen Generalversammlung der kfd keine Frauen f\u00fcr die Mitarbeit im Vorstand bereit waren, konnte kein neuer Vorstand gebildet werden. Die kfd Spahnharrenst\u00e4tte stand nach ihrem hundertj\u00e4hrigen Bestehen im letzten Jahr kurzzeitig vor der Aufl\u00f6sung. In den folgenden Wochen haben sich noch drei Frauen f\u00fcr die Mitarbeit im\u00a0 Vorstand bereit erkl\u00e4rt.\u00a0 [&hellip;]\n","protected":false},"author":2,"featured_media":0,"comment_status":"closed","ping_status":"closed","sticky":false,"template":"","format":"standard","meta":{"ngg_post_thumbnail":0,"footnotes":""},"categories":[868],"tags":[],"class_list":["post-10652","post","type-post","status-publish","format-standard","hentry","category-zwischen-himmel-und-erde"],"_links":{"self":[{"href":"https:\/\/www.forum-soegel.de\/information\/wp-json\/wp\/v2\/posts\/10652","targetHints":{"allow":["GET"]}}],"collection":[{"href":"https:\/\/www.forum-soegel.de\/information\/wp-json\/wp\/v2\/posts"}],"about":[{"href":"https:\/\/www.forum-soegel.de\/information\/wp-json\/wp\/v2\/types\/post"}],"author":[{"embeddable":true,"href":"https:\/\/www.forum-soegel.de\/information\/wp-json\/wp\/v2\/users\/2"}],"replies":[{"embeddable":true,"href":"https:\/\/www.forum-soegel.de\/information\/wp-json\/wp\/v2\/comments?post=10652"}],"version-history":[{"count":1,"href":"https:\/\/www.forum-soegel.de\/information\/wp-json\/wp\/v2\/posts\/10652\/revisions"}],"predecessor-version":[{"id":10654,"href":"https:\/\/www.forum-soegel.de\/information\/wp-json\/wp\/v2\/posts\/10652\/revisions\/10654"}],"wp:attachment":[{"href":"https:\/\/www.forum-soegel.de\/information\/wp-json\/wp\/v2\/media?parent=10652"}],"wp:term":[{"taxonomy":"category","embeddable":true,"href":"https:\/\/www.forum-soegel.de\/information\/wp-json\/wp\/v2\/categories?post=10652"},{"taxonomy":"post_tag","embeddable":true,"href":"https:\/\/www.forum-soegel.de\/information\/wp-json\/wp\/v2\/tags?post=10652"}],"curies":[{"name":"wp","href":"https:\/\/api.w.org\/{rel}","templated":true}]}}