{"id":10649,"date":"2013-05-01T00:07:34","date_gmt":"2013-04-30T22:07:34","guid":{"rendered":"https:\/\/www.forum-soegel.de\/information\/?p=10649"},"modified":"2013-04-28T21:09:53","modified_gmt":"2013-04-28T19:09:53","slug":"kfd-handarbeitsgruppe-feierte-25-jahriges-jubilaum","status":"publish","type":"post","link":"https:\/\/www.forum-soegel.de\/information\/2013\/05\/kfd-handarbeitsgruppe-feierte-25-jahriges-jubilaum\/","title":{"rendered":"kfd-Handarbeitsgruppe feierte 25-j\u00e4hriges Jubil\u00e4um"},"content":{"rendered":"<p>S\u00f6gel &#8211; Gut besucht war die Handarbeitsaussellung anl\u00e4sslich des 25j\u00e4hrigen Bestehens der kfd- Handarbeitsgruppe in S\u00f6gel. Im Jahr 1988 wurde die Gruppe von der damaligen kfd-Vorsitzenden Ulla Schmees ins Leben gerufen und Cilly Kopf mit der Leitung beauftragt. Die Frauen h\u00e4kelten zun\u00e4chst im Auftrag von Ulla Schmees Spitzen f\u00fcr die Decken des Altares der St. Jakobus-Kirche. Bald z\u00e4hlten\u00a0 Ursula Rust,\u00a0 Dagmar Dr\u00f6ge, Margret Hemmen,\u00a0 Tacie Renken, Anneliese u. Annemarie \u00dcmken zu den Frauen der ersten Stunde.\u00a0 Am 05.04.1989 \u2013an einem Mittwochnachmittag- fand die <strong>erste <\/strong>Handarbeitsausstellung im St. Jakobus -Haus statt. Selbstverst\u00e4ndlich wurden dabei auch Kaffee und Kuchen angeboten.\u00a0 Am 1.Advent 1989 feierte der S\u00f6geler Kindergarten sein 60. Jubil\u00e4um, und die Handarbeitsgruppe war mit von der Partie. Der Erl\u00f6s ging an den Kindergarten f\u00fcr die Neugestaltung des Spielplatzes. Weitere Ausstellungen folgten u. a.\u00a0 beim Pfarrfest, im evangelischen Gemeindehaus, in der Theaterschneiderei des Projektes A&amp;W, im Foyer des H\u00fcmmling-Gymnasiums, im Rahmen des Weihnachtsmarktes im St. Jakobus-Haus, im Heimathaus, und zu guter Letzt organisierte Cilly Kopf\u00a0 ab 1993 mehrere\u00a0 \u201eHobbyverkaufsausstellungen im Seniorenheim \u2013 Haus Simeon-. Selbstverst\u00e4ndlich gab es immer eine Cafeteria mit selbst gebackenen Kuchen. Die Erl\u00f6se aus den Ausstellungen und den Cafeterien gingen als Spende f\u00fcr die Kirchenrenovierung oder f\u00fcr ein Afrika-Projekt der Frau Maria T\u00fcrks, ebenfalls f\u00fcr die Seniorenarbeit oder an andere Hilfsorganisationen. Bei dem Historischen Clemens-August Markt 1995 war die Handarbeitsgruppe ebenfalls vertreten mit Arbeiten ausschlie\u00dflich aus Leinen. 1996 gab es im Heimathaus mit einer Ausstellung \u201eEin Gang durch ein Jahrhundert Handarbeiten\u201c eine riesige Auswahl alter und neuer Handarbeiten. Bald musste die inzwischen stark angewachsene Gruppe geteilt werden, so dass sich 2 Gruppen vierzehnt\u00e4gig regelm\u00e4\u00dfig\u00a0 mittwochs im St. Jakobus-Haus zum Handarbeiten trafen.<\/p>\n<p>Neben der kreativen Handarbeit kam das Gesellige nat\u00fcrlich nicht zu kurz. Die Leiterin Cilly Kopf sorgte mit unerm\u00fcdlichem Einsatz f\u00fcr eine gute Gemeinschaft und\u00a0 organisierte u. a.\u00a0 sch\u00f6ne Fahrten f\u00fcr die Frauen. Bei der von ihr f\u00fcr den Oktober 2010 geplanten Fahrt nach Trier konnte sie leider selbst\u00a0 nicht mehr dabei sein, da sie im Mai 2010 ganz pl\u00f6tzlich verstarb. Cilly Kopf hinterlie\u00df eine gro\u00dfe L\u00fccke. Hedwig Jansen erkl\u00e4rte sich spontan\u00a0 bereit, Ansprechperson der Handarbeitsgruppe zu sein, die schon 2009 wieder zu einer gro\u00dfen Gruppe zusammengelegt worden war.\u00a0 Zum Jubil\u00e4um gratulierten\u00a0 Irmgard Schlangen-Otten, Gertrud Janssen und Maria B\u00fcter vom Vorstand der kfd S\u00f6gel\u00a0 der Handarbeitsgruppe zu ihrem Jubil\u00e4um\u00a0 und \u00fcberreichten ein Flachgeschenk sowie\u00a0 selbstgebackene\u00a0 Kuchen von weiteren kfd-Frauen f\u00fcr die Cafeteria, die von der Katholischen Jugend unter der Leitung von Rosi H\u00f6lscher\u00a0 ausgerichtet wurde. Der Erl\u00f6s ist f\u00fcr Renovierungsarbeiten im St. Jakobus-Haus gedacht.<\/p>\n<p>Text: Gisela Arling \/ Foto: kfd<\/p>\n<div id=\"attachment_10650\" style=\"width: 310px\" class=\"wp-caption alignnone\"><a href=\"https:\/\/www.forum-soegel.de\/information\/wp-content\/uploads\/2013\/04\/kfd-Handarbeitsgruppe-feierte-25j\u00e4hriges-Jubil\u00e4um.jpg\"><img loading=\"lazy\" decoding=\"async\" aria-describedby=\"caption-attachment-10650\" class=\"size-medium wp-image-10650\" title=\"kfd-Handarbeitsgruppe feierte 25j\u00e4hriges Jubil\u00e4um\" src=\"https:\/\/www.forum-soegel.de\/information\/wp-content\/uploads\/2013\/04\/kfd-Handarbeitsgruppe-feierte-25j\u00e4hriges-Jubil\u00e4um-300x225.jpg\" alt=\"\" width=\"300\" height=\"225\" srcset=\"https:\/\/www.forum-soegel.de\/information\/wp-content\/uploads\/2013\/04\/kfd-Handarbeitsgruppe-feierte-25j\u00e4hriges-Jubil\u00e4um-300x225.jpg 300w, https:\/\/www.forum-soegel.de\/information\/wp-content\/uploads\/2013\/04\/kfd-Handarbeitsgruppe-feierte-25j\u00e4hriges-Jubil\u00e4um.jpg 1024w\" sizes=\"auto, (max-width: 300px) 100vw, 300px\" \/><\/a><p id=\"caption-attachment-10650\" class=\"wp-caption-text\">v.l. Elisabeth Pohlmann, Annemarie \u00dcmken, Gisela Pohlmann, in der Mitte: Hedwig Jansen von der Handarbeitsgruppe, Gertrud Janssen, Maria B\u00fcter und Irmgard Schlangen-Otten vom kfd-Vorstand.. Im Hintergrund befinden sich einige Ausstellungsst\u00fccke.<\/p><\/div>\n","protected":false},"excerpt":{"rendered":"S\u00f6gel &#8211; Gut besucht war die Handarbeitsaussellung anl\u00e4sslich des 25j\u00e4hrigen Bestehens der kfd- Handarbeitsgruppe in S\u00f6gel. Im Jahr 1988 wurde die Gruppe von der damaligen kfd-Vorsitzenden Ulla Schmees ins Leben gerufen und Cilly Kopf mit der Leitung beauftragt. Die Frauen h\u00e4kelten zun\u00e4chst im Auftrag von Ulla Schmees Spitzen f\u00fcr die Decken des Altares der St. [&hellip;]\n","protected":false},"author":2,"featured_media":0,"comment_status":"closed","ping_status":"closed","sticky":false,"template":"","format":"standard","meta":{"ngg_post_thumbnail":0,"footnotes":""},"categories":[868],"tags":[],"class_list":["post-10649","post","type-post","status-publish","format-standard","hentry","category-zwischen-himmel-und-erde"],"_links":{"self":[{"href":"https:\/\/www.forum-soegel.de\/information\/wp-json\/wp\/v2\/posts\/10649","targetHints":{"allow":["GET"]}}],"collection":[{"href":"https:\/\/www.forum-soegel.de\/information\/wp-json\/wp\/v2\/posts"}],"about":[{"href":"https:\/\/www.forum-soegel.de\/information\/wp-json\/wp\/v2\/types\/post"}],"author":[{"embeddable":true,"href":"https:\/\/www.forum-soegel.de\/information\/wp-json\/wp\/v2\/users\/2"}],"replies":[{"embeddable":true,"href":"https:\/\/www.forum-soegel.de\/information\/wp-json\/wp\/v2\/comments?post=10649"}],"version-history":[{"count":1,"href":"https:\/\/www.forum-soegel.de\/information\/wp-json\/wp\/v2\/posts\/10649\/revisions"}],"predecessor-version":[{"id":10651,"href":"https:\/\/www.forum-soegel.de\/information\/wp-json\/wp\/v2\/posts\/10649\/revisions\/10651"}],"wp:attachment":[{"href":"https:\/\/www.forum-soegel.de\/information\/wp-json\/wp\/v2\/media?parent=10649"}],"wp:term":[{"taxonomy":"category","embeddable":true,"href":"https:\/\/www.forum-soegel.de\/information\/wp-json\/wp\/v2\/categories?post=10649"},{"taxonomy":"post_tag","embeddable":true,"href":"https:\/\/www.forum-soegel.de\/information\/wp-json\/wp\/v2\/tags?post=10649"}],"curies":[{"name":"wp","href":"https:\/\/api.w.org\/{rel}","templated":true}]}}