{"id":10647,"date":"2013-05-01T00:04:31","date_gmt":"2013-04-30T22:04:31","guid":{"rendered":"https:\/\/www.forum-soegel.de\/information\/?p=10647"},"modified":"2013-04-28T21:07:30","modified_gmt":"2013-04-28T19:07:30","slug":"internationaler-frauentreff-im-heimathaus-sogel","status":"publish","type":"post","link":"https:\/\/www.forum-soegel.de\/information\/2013\/05\/internationaler-frauentreff-im-heimathaus-sogel\/","title":{"rendered":"Internationaler Frauentreff im Heimathaus S\u00f6gel"},"content":{"rendered":"<p>S\u00f6gel \u2013 Wortw\u00f6rtlich \u201ekunterbunt\u201c ging es zu im Heimathaus S\u00f6gel anl\u00e4sslich des Internationalen Frauentreffs. Gleichstellungsbeauftragte der Samtgemeinde S\u00f6gel Annelene Abeln sowie Lene Kurka vom Kolping-Jugendmigrationsdienst hatten dazu anl\u00e4sslich des Internationalen Frauentages eingeladen. \u00dcber 70 Frauen aus mehr als 10 verschiedenen Nationen haben daran teilgenommen, darunter auch G\u00e4ste aus Lathen und Haren.<\/p>\n<p>Angelika B\u00fcter vom Kreissportbund berichtete \u00fcber den internationalen Frauensporttag 2012 in S\u00f6gel und spontan forderte sie alle Anwesenden zu einer gemeinsamen \u201eZumba-Trainingseinheit\u201c zwischen Kaffee und Kuchen auf. Der Gemeinschaftsgeist war gro\u00df: Sichtlichen Spa\u00df hatten die Frauen aller Altersgruppen an den verschiedenen Tanzschritten. Auch die anwesenden Kinder tanzten begeistert mit.<\/p>\n<p>\u201eIch habe Freude an diesem bunten Miteinander\u201c, stellte B\u00fcrgermeisterin Irmgard Welling in ihrer Begr\u00fc\u00dfungsrede fest und forderte die Frauen zu gemeinsamen Gespr\u00e4chen auf. Sie wies auf die wichtige Bedeutung des Internationalen Frauentages hin und bedankte sich bei allen Organisatorinnen der Veranstaltung im Heimathaus. Dazu z\u00e4hlte auch Kathrin Sch\u00fctte vom Landkreis Emsland, die \u00fcber das Gesundheitsprojekt \u201eMiMi-Mit Migranten f\u00fcr Migranten\u201c berichtete.<\/p>\n<p>Text: Ingrid Cloppenburg<\/p>\n","protected":false},"excerpt":{"rendered":"S\u00f6gel \u2013 Wortw\u00f6rtlich \u201ekunterbunt\u201c ging es zu im Heimathaus S\u00f6gel anl\u00e4sslich des Internationalen Frauentreffs. Gleichstellungsbeauftragte der Samtgemeinde S\u00f6gel Annelene Abeln sowie Lene Kurka vom Kolping-Jugendmigrationsdienst hatten dazu anl\u00e4sslich des Internationalen Frauentages eingeladen. \u00dcber 70 Frauen aus mehr als 10 verschiedenen Nationen haben daran teilgenommen, darunter auch G\u00e4ste aus Lathen und Haren. Angelika B\u00fcter vom Kreissportbund [&hellip;]\n","protected":false},"author":2,"featured_media":0,"comment_status":"closed","ping_status":"closed","sticky":false,"template":"","format":"standard","meta":{"ngg_post_thumbnail":0,"footnotes":""},"categories":[868],"tags":[],"class_list":["post-10647","post","type-post","status-publish","format-standard","hentry","category-zwischen-himmel-und-erde"],"_links":{"self":[{"href":"https:\/\/www.forum-soegel.de\/information\/wp-json\/wp\/v2\/posts\/10647","targetHints":{"allow":["GET"]}}],"collection":[{"href":"https:\/\/www.forum-soegel.de\/information\/wp-json\/wp\/v2\/posts"}],"about":[{"href":"https:\/\/www.forum-soegel.de\/information\/wp-json\/wp\/v2\/types\/post"}],"author":[{"embeddable":true,"href":"https:\/\/www.forum-soegel.de\/information\/wp-json\/wp\/v2\/users\/2"}],"replies":[{"embeddable":true,"href":"https:\/\/www.forum-soegel.de\/information\/wp-json\/wp\/v2\/comments?post=10647"}],"version-history":[{"count":1,"href":"https:\/\/www.forum-soegel.de\/information\/wp-json\/wp\/v2\/posts\/10647\/revisions"}],"predecessor-version":[{"id":10648,"href":"https:\/\/www.forum-soegel.de\/information\/wp-json\/wp\/v2\/posts\/10647\/revisions\/10648"}],"wp:attachment":[{"href":"https:\/\/www.forum-soegel.de\/information\/wp-json\/wp\/v2\/media?parent=10647"}],"wp:term":[{"taxonomy":"category","embeddable":true,"href":"https:\/\/www.forum-soegel.de\/information\/wp-json\/wp\/v2\/categories?post=10647"},{"taxonomy":"post_tag","embeddable":true,"href":"https:\/\/www.forum-soegel.de\/information\/wp-json\/wp\/v2\/tags?post=10647"}],"curies":[{"name":"wp","href":"https:\/\/api.w.org\/{rel}","templated":true}]}}