{"id":10642,"date":"2013-05-01T00:01:40","date_gmt":"2013-04-30T22:01:40","guid":{"rendered":"https:\/\/www.forum-soegel.de\/information\/?p=10642"},"modified":"2013-04-28T21:04:21","modified_gmt":"2013-04-28T19:04:21","slug":"ich-war-fremd-%e2%80%93-ihr-habt-mich-aufgenommen","status":"publish","type":"post","link":"https:\/\/www.forum-soegel.de\/information\/2013\/05\/ich-war-fremd-%e2%80%93-ihr-habt-mich-aufgenommen\/","title":{"rendered":"Ich war fremd \u2013 ihr habt mich aufgenommen"},"content":{"rendered":"<p style=\"text-align: left;\" align=\"center\"><strong>Weltgebetstag in S\u00f6gel<\/strong><\/p>\n<p>S\u00f6gel &#8211; Frauen aus Frankreich hatten in diesem Jahr die Gottesdienstordnung f\u00fcr den Weltgebetstag verfasst und sich dabei mit der Frage, was es hei\u00dft, die Heimat verlassen zu m\u00fcssen und pl\u00f6tzlich \u201efremd\u201c zu sein, in ihren Gebeten und Liedern auseinandergesetzt. In Kirchengemeinden in \u00fcber 170 L\u00e4ndern der Erde gestalteten Frauengruppen unterschiedlicher christlicher Konfessionen den Gottesdienst der Franz\u00f6sinnen. Mutig zeigten die Franz\u00f6sinnen mit ihren Texten, wo unsere europ\u00e4ische Gesellschaft keine Willkommensgesellschaft ist.<\/p>\n<p>In S\u00f6gel begann der Weltgebetstag um 14.30 Uhr mit einem \u00f6kumenischen Gottesdienst in der St. Jakobus-Kirche. Im Altarraum sa\u00dfen Frauen mit farbigen Schals. Sie symbolisierten die Vielfalt der Herkunft der Frauen, die diese Gottesdienstordnung geschrieben hatten. Eine siebte Frau mit grauem Schal kam z\u00f6gernd und unsicher zu dieser Gruppe dazu. \u201eEin freundlicher Blick f\u00fcr alle, die suchen, die gebende Hand f\u00fcr Menschen in Not, ein liebendes Herz f\u00fcr Menschen, die fremd sind, so \u00f6ffnen sich T\u00fcren, das Leben beginnt\u201c, so lautete ein Ausschnitt des ersten Liedes. Die musikalische Begleitung hatte Regionalkantorin Frauke Sparfeldt \u00fcbernommen, die auch im Vorfeld die Lieder mit den Frauen einge\u00fcbt hatte. Mit der Kollekte aus dem Gottesdienst werden Frauenprojekte in\u00a0 aller Welt unterst\u00fctzt.<\/p>\n<p>Im Anschluss an den Gottesdienst wurde wieder\u00a0 zur Begegnung bei Kaffee und Kuchen ins St. Jakobus-Haus eingeladen. Frauen aus dem Eine-Welt-Laden in S\u00f6gel waren mit einem Stand vertreten und boten u.a. Produkte aus Frankreich an. Kfd-Vorsitzende Irmgard Schlangen-Otten bedankte sich\u00a0 bei den ca. 130 erschienenen Gottesdienstbesuchern und bei allen, die zum guten Gelingen des Weltgebetstages beigetragen hatten.<\/p>\n<p>Text\/Foto: Irmgard Schlangen-Otten<\/p>\n<p><a href=\"https:\/\/www.forum-soegel.de\/information\/wp-content\/uploads\/2013\/04\/Ich-war-fremd1.jpg\"><img loading=\"lazy\" decoding=\"async\" class=\"alignnone size-medium wp-image-10643\" title=\"Ich war fremd1\" src=\"https:\/\/www.forum-soegel.de\/information\/wp-content\/uploads\/2013\/04\/Ich-war-fremd1-300x225.jpg\" alt=\"\" width=\"300\" height=\"225\" srcset=\"https:\/\/www.forum-soegel.de\/information\/wp-content\/uploads\/2013\/04\/Ich-war-fremd1-300x225.jpg 300w, https:\/\/www.forum-soegel.de\/information\/wp-content\/uploads\/2013\/04\/Ich-war-fremd1.jpg 1024w\" sizes=\"auto, (max-width: 300px) 100vw, 300px\" \/><\/a>\u00a0\u00a0<a href=\"https:\/\/www.forum-soegel.de\/information\/wp-content\/uploads\/2013\/04\/Ich-war-fremd2.jpg\"><img loading=\"lazy\" decoding=\"async\" class=\"alignnone size-medium wp-image-10644\" title=\"Ich war fremd2\" src=\"https:\/\/www.forum-soegel.de\/information\/wp-content\/uploads\/2013\/04\/Ich-war-fremd2-300x225.jpg\" alt=\"\" width=\"300\" height=\"225\" srcset=\"https:\/\/www.forum-soegel.de\/information\/wp-content\/uploads\/2013\/04\/Ich-war-fremd2-300x225.jpg 300w, https:\/\/www.forum-soegel.de\/information\/wp-content\/uploads\/2013\/04\/Ich-war-fremd2.jpg 1024w\" sizes=\"auto, (max-width: 300px) 100vw, 300px\" \/><\/a><\/p>\n<p>&nbsp;<\/p>\n","protected":false},"excerpt":{"rendered":"Weltgebetstag in S\u00f6gel S\u00f6gel &#8211; Frauen aus Frankreich hatten in diesem Jahr die Gottesdienstordnung f\u00fcr den Weltgebetstag verfasst und sich dabei mit der Frage, was es hei\u00dft, die Heimat verlassen zu m\u00fcssen und pl\u00f6tzlich \u201efremd\u201c zu sein, in ihren Gebeten und Liedern auseinandergesetzt. In Kirchengemeinden in \u00fcber 170 L\u00e4ndern der Erde gestalteten Frauengruppen unterschiedlicher christlicher [&hellip;]\n","protected":false},"author":2,"featured_media":0,"comment_status":"closed","ping_status":"closed","sticky":false,"template":"","format":"standard","meta":{"ngg_post_thumbnail":0,"footnotes":""},"categories":[868],"tags":[],"class_list":["post-10642","post","type-post","status-publish","format-standard","hentry","category-zwischen-himmel-und-erde"],"_links":{"self":[{"href":"https:\/\/www.forum-soegel.de\/information\/wp-json\/wp\/v2\/posts\/10642","targetHints":{"allow":["GET"]}}],"collection":[{"href":"https:\/\/www.forum-soegel.de\/information\/wp-json\/wp\/v2\/posts"}],"about":[{"href":"https:\/\/www.forum-soegel.de\/information\/wp-json\/wp\/v2\/types\/post"}],"author":[{"embeddable":true,"href":"https:\/\/www.forum-soegel.de\/information\/wp-json\/wp\/v2\/users\/2"}],"replies":[{"embeddable":true,"href":"https:\/\/www.forum-soegel.de\/information\/wp-json\/wp\/v2\/comments?post=10642"}],"version-history":[{"count":2,"href":"https:\/\/www.forum-soegel.de\/information\/wp-json\/wp\/v2\/posts\/10642\/revisions"}],"predecessor-version":[{"id":10646,"href":"https:\/\/www.forum-soegel.de\/information\/wp-json\/wp\/v2\/posts\/10642\/revisions\/10646"}],"wp:attachment":[{"href":"https:\/\/www.forum-soegel.de\/information\/wp-json\/wp\/v2\/media?parent=10642"}],"wp:term":[{"taxonomy":"category","embeddable":true,"href":"https:\/\/www.forum-soegel.de\/information\/wp-json\/wp\/v2\/categories?post=10642"},{"taxonomy":"post_tag","embeddable":true,"href":"https:\/\/www.forum-soegel.de\/information\/wp-json\/wp\/v2\/tags?post=10642"}],"curies":[{"name":"wp","href":"https:\/\/api.w.org\/{rel}","templated":true}]}}