{"id":10636,"date":"2013-05-01T00:55:46","date_gmt":"2013-04-30T22:55:46","guid":{"rendered":"https:\/\/www.forum-soegel.de\/information\/?p=10636"},"modified":"2013-04-28T21:00:55","modified_gmt":"2013-04-28T19:00:55","slug":"spende-an-sogeler-hospiz-e-v","status":"publish","type":"post","link":"https:\/\/www.forum-soegel.de\/information\/2013\/05\/spende-an-sogeler-hospiz-e-v\/","title":{"rendered":"Spende an S\u00f6geler Hospiz e.V."},"content":{"rendered":"<p style=\"text-align: left;\" align=\"center\"><strong>8 Kolpingbr\u00fcder f\u00fcr langj\u00e4hrige Mitgliedschaft geehrt<\/strong><\/p>\n<p>S\u00f6gel &#8211; Gleich 8 Kolpingbr\u00fcder konnten auf der Generalversammlung der Kolpingsfamilie S\u00f6gel-Stavern f\u00fcr ihre langj\u00e4hrige Mitgliedschaft geehrt werden: 25 Jahre dabei sind Wilhelm Brunen, Heinrich Jansen, Johann Rolfes und Hans Wobben (alle Stavern). F\u00fcr 40 Jahre Mitgliedschaft wurde Heinrich Borgmann (S\u00f6gel) geehrt. Bereits seit 50 Jahren sind Friedhelm Benten, Hermann Geers (beide S\u00f6gel) und Hans Kuhl (Papenburg) der Kolpingsfamilie treu.<\/p>\n<p>&nbsp;<\/p>\n<p>Sowohl der gemeinsame Gottesdienst in der St.-Jakobus-Kirche als auch die anschlie\u00dfende Generalversammlung im Vereinslokal Altes Gasthaus Schr\u00f6er wurde von der Kolpingskapelle mitgestaltet. Zu Beginn begr\u00fc\u00dfte 1. Vors. Karl-Heinz Kenning den Vorsitzenden des S\u00f6geler Hospiz e.V., Michael Strodt. Die Erl\u00f6se aus den \u00bc-j\u00e4hrlich stattfindenden Altkleidersammlungen der Kolpingsfamilie werden seit einem Jahr jeweils einem sozialen Zweck zur Verf\u00fcgung gestellt. Der Erl\u00f6s der Januar-Sammlung in H\u00f6he von 2.100,&#8211;\u20ac wurde mit einem symbolischen Scheck an Michael Strodt f\u00fcr die Arbeit an Sterbenden und Trauernden \u00fcberreicht. Strodt bedankte sich herzlich bei der Kolpingsfamilie. Mit dem Geld k\u00f6nnen die ehrenamtlichen Mitarbeiter aus- und weitergebildet werden.<\/p>\n<p>In seinem R\u00fcckblick auf das vergangene Vereinsjahr hob Vorsitzender Karl-Heinz Kenning\u00a0 die markanten Ereignisse hervor und erw\u00e4hnte unter anderem das Pilgern auf dem H\u00fcmmlinger Pilgerweg von\u00a0 S\u00f6gel nach Werlte \u00fcber 27 Kilometer, die Karfreitagswallfahrt nach Wietmarschen, die Fahrt zum Jade-Weser-Port in Wilhelmshaven, den Kl\u00f6nnachmittag sowie den Dankesch\u00f6n-Grillabend f\u00fcr die Helfer der Altkleidersammlungen. Auch das kommende Vereinsjahr biete wieder viele interessante Veranstaltungen, zu denen neben allen Kolpingmitgliedern wie immer auch alle Nichtkolpinger herzlich willkommen seien. So werde Ende August anl\u00e4sslich des 200. Geburtstages Adolf Kolpings das Musical KOLPINGS TRAUM in Wuppertal besucht, eingebunden in eine 3-Tagesfahrt mit interessantem Rahmenprogramm. Au\u00dferdem sei im August ein gro\u00dfes Kinder- und Familienfest auf dem Marktplatz in S\u00f6gel geplant.<\/p>\n<p>Besonders stolz sei man auf zwei Priesteramtskandidaten aus den Reihen der Kolpingsfamilie: Hermann Prinz werde in K\u00fcrze im Dom zu Osnabr\u00fcck zum Diakon geweiht <em>[Anm. d. Red.: Zum Druckzeitpunkt dieser Ausgabe, ist Hermann Prinz bereits am 16.03.13 zum Diakon geweiht worden]<\/em>, Diakon Detlef Perk empfange am 18. Mai in Osnabr\u00fcck die Priesterweihe. An beiden Weihen nimmt die Kolpingsfamilie mit einer Abordnung teil.<\/p>\n<p>F\u00fcr die Theatergruppe gab Martin Sievers bekannt, dass die Seniorenvorstellung des plattdeutschen St\u00fcckes \u201eMien Mann, de fohrt to See\u201c mit 130 Zuschauer sehr gut besucht war. Derzeit f\u00e4nden weitere Vorstellungsabende statt.<\/p>\n<p>Jugendbeauftragter Martin M\u00f6dden berichtete \u00fcber die Ferienpassaktionen der Kolpingsfamilie sowie eine Kinderdisco im Jugendzentrum \u201eAlte Post\u201c in S\u00f6gel.<\/p>\n<p>Bei den Wahlen wurde der Beisitzer Willi Eikens auf seinem Posten best\u00e4tigt.<\/p>\n<p>S\u00f6gels B\u00fcrgermeisterin Irmgard Welling\u00a0 \u00fcbermittelte den Gru\u00df der Gemeinde. Insbesondere bedankte sie sich f\u00fcr das soziale Engagement der Kolpingsfamilie S\u00f6gel-Stavern. Auch das Hilfsangebot f\u00fcr ausl\u00e4ndische Arbeitnehmer in S\u00f6gel sei eine wichtige Aufgabe. Hier werde sp\u00fcrbar, dass Adolf Kolping aktueller denn je sei.<\/p>\n<p>Text\/Foto: Maria Wilmes<\/p>\n<div id=\"attachment_10637\" style=\"width: 310px\" class=\"wp-caption alignnone\"><a href=\"https:\/\/www.forum-soegel.de\/information\/wp-content\/uploads\/2013\/04\/Spende-an-S\u00f6geler-Hospiz-e.V.2.jpg\"><img loading=\"lazy\" decoding=\"async\" aria-describedby=\"caption-attachment-10637\" class=\"size-medium wp-image-10637\" title=\"Spende an S\u00f6geler Hospiz e.V.2\" src=\"https:\/\/www.forum-soegel.de\/information\/wp-content\/uploads\/2013\/04\/Spende-an-S\u00f6geler-Hospiz-e.V.2-300x293.jpg\" alt=\"\" width=\"300\" height=\"293\" srcset=\"https:\/\/www.forum-soegel.de\/information\/wp-content\/uploads\/2013\/04\/Spende-an-S\u00f6geler-Hospiz-e.V.2-300x293.jpg 300w, https:\/\/www.forum-soegel.de\/information\/wp-content\/uploads\/2013\/04\/Spende-an-S\u00f6geler-Hospiz-e.V.2.jpg 786w\" sizes=\"auto, (max-width: 300px) 100vw, 300px\" \/><\/a><p id=\"caption-attachment-10637\" class=\"wp-caption-text\">Vors. Karl-Heinz Kenning (re.) \u00fcberreicht einen symbolischen Scheck an Michael Strodt, Vors. des S\u00f6geler Hospiz e.V.<\/p><\/div>\n<div id=\"attachment_10638\" style=\"width: 310px\" class=\"wp-caption alignnone\"><a href=\"https:\/\/www.forum-soegel.de\/information\/wp-content\/uploads\/2013\/04\/Spende-an-S\u00f6geler-Hospiz-e.V.1.jpg\"><img loading=\"lazy\" decoding=\"async\" aria-describedby=\"caption-attachment-10638\" class=\"size-medium wp-image-10638\" title=\"Spende an S\u00f6geler Hospiz e.V.1\" src=\"https:\/\/www.forum-soegel.de\/information\/wp-content\/uploads\/2013\/04\/Spende-an-S\u00f6geler-Hospiz-e.V.1-300x89.jpg\" alt=\"\" width=\"300\" height=\"89\" srcset=\"https:\/\/www.forum-soegel.de\/information\/wp-content\/uploads\/2013\/04\/Spende-an-S\u00f6geler-Hospiz-e.V.1-300x89.jpg 300w, https:\/\/www.forum-soegel.de\/information\/wp-content\/uploads\/2013\/04\/Spende-an-S\u00f6geler-Hospiz-e.V.1.jpg 1024w\" sizes=\"auto, (max-width: 300px) 100vw, 300px\" \/><\/a><p id=\"caption-attachment-10638\" class=\"wp-caption-text\">Die anwesenden Jubilare mit dem 1. Vors. Karl-Heinz Kenning (re.)<\/p><\/div>\n<p>&nbsp;<\/p>\n","protected":false},"excerpt":{"rendered":"8 Kolpingbr\u00fcder f\u00fcr langj\u00e4hrige Mitgliedschaft geehrt S\u00f6gel &#8211; Gleich 8 Kolpingbr\u00fcder konnten auf der Generalversammlung der Kolpingsfamilie S\u00f6gel-Stavern f\u00fcr ihre langj\u00e4hrige Mitgliedschaft geehrt werden: 25 Jahre dabei sind Wilhelm Brunen, Heinrich Jansen, Johann Rolfes und Hans Wobben (alle Stavern). F\u00fcr 40 Jahre Mitgliedschaft wurde Heinrich Borgmann (S\u00f6gel) geehrt. Bereits seit 50 Jahren sind Friedhelm Benten, [&hellip;]\n","protected":false},"author":2,"featured_media":0,"comment_status":"closed","ping_status":"closed","sticky":false,"template":"","format":"standard","meta":{"ngg_post_thumbnail":0,"footnotes":""},"categories":[868],"tags":[],"class_list":["post-10636","post","type-post","status-publish","format-standard","hentry","category-zwischen-himmel-und-erde"],"_links":{"self":[{"href":"https:\/\/www.forum-soegel.de\/information\/wp-json\/wp\/v2\/posts\/10636","targetHints":{"allow":["GET"]}}],"collection":[{"href":"https:\/\/www.forum-soegel.de\/information\/wp-json\/wp\/v2\/posts"}],"about":[{"href":"https:\/\/www.forum-soegel.de\/information\/wp-json\/wp\/v2\/types\/post"}],"author":[{"embeddable":true,"href":"https:\/\/www.forum-soegel.de\/information\/wp-json\/wp\/v2\/users\/2"}],"replies":[{"embeddable":true,"href":"https:\/\/www.forum-soegel.de\/information\/wp-json\/wp\/v2\/comments?post=10636"}],"version-history":[{"count":2,"href":"https:\/\/www.forum-soegel.de\/information\/wp-json\/wp\/v2\/posts\/10636\/revisions"}],"predecessor-version":[{"id":10641,"href":"https:\/\/www.forum-soegel.de\/information\/wp-json\/wp\/v2\/posts\/10636\/revisions\/10641"}],"wp:attachment":[{"href":"https:\/\/www.forum-soegel.de\/information\/wp-json\/wp\/v2\/media?parent=10636"}],"wp:term":[{"taxonomy":"category","embeddable":true,"href":"https:\/\/www.forum-soegel.de\/information\/wp-json\/wp\/v2\/categories?post=10636"},{"taxonomy":"post_tag","embeddable":true,"href":"https:\/\/www.forum-soegel.de\/information\/wp-json\/wp\/v2\/tags?post=10636"}],"curies":[{"name":"wp","href":"https:\/\/api.w.org\/{rel}","templated":true}]}}