{"id":10634,"date":"2013-05-01T00:53:31","date_gmt":"2013-04-30T22:53:31","guid":{"rendered":"https:\/\/www.forum-soegel.de\/information\/?p=10634"},"modified":"2013-04-28T20:55:30","modified_gmt":"2013-04-28T18:55:30","slug":"caritas-dankt-helfern-und-spendern-mit-benefizkonzert","status":"publish","type":"post","link":"https:\/\/www.forum-soegel.de\/information\/2013\/05\/caritas-dankt-helfern-und-spendern-mit-benefizkonzert\/","title":{"rendered":"Caritas dankt Helfern und Spendern mit Benefizkonzert"},"content":{"rendered":"<p>S\u00f6gel &#8211; Am Palmsonntag, dem 25.M\u00e4rz 2013, fand in der St. Jakobus Kirche in S\u00f6gel, das Benefizkonzert f\u00fcr die Caritas statt. Mit diesem Konzert wurde sowohl den Mitarbeitern als auch den Spendern der Caritas- Haussammlung gedankt. In der Gemeinde S\u00f6gel wurde die gro\u00dfe Summe von \u00fcber 6000 \u20ac gesammelt. Das musikalische Programm gestaltete der f\u00fcr diesen Anlass gegr\u00fcndete Kammerchor St. Jakobus. Er besteht aus 12 S\u00e4ngerinnen und S\u00e4ngern des Dekanates Emsland Nord unter der Leitung von Regionalkantorin Frauke Sparfeldt. Zu Geh\u00f6r gebracht wurden vier &#8211; bis sechsstimmige Werke vom Fr\u00fchbarock bis in die Moderne. Den gesanglichen Auftakt bildete \u201eA clare Benediction\u201c von John Rutter (*1945). Der von Christoph Willibald Gluck (1714 \u2013 1787) vertonte Psalm 130 \u201eAus der Tiefe rufe ich zu dir\u201c erklang im lateinischen \u201eDe profundis\u201c. Das letzte St\u00fcck im ersten Block des Chores bildete \u201eUbi caritas\u201c von Maurice Durufl\u00e9 (1901 \u2013 1986), das textlich auf den Anlass des Konzertes verweist. Im zweiten Abschnitt schlug der Chor den Bogen vom Fr\u00fchbarock mit dem \u00e4ltesten St\u00fcck des Abends \u201eIf ye love me\u201c von Thomas Tallis (1505 \u2013 1585) bis hin zur Moderne vom skandinavischen Komponisten Knut Nystedt (*1915) mit dem St\u00fcck \u201ePeace I leave with you\u201c. Der ausgewogene Klang des Kammerchores &#8211; unterst\u00fctzt durch die gute Akustik der St. Jakobus Kirche- lie\u00df das Schlussst\u00fcck \u201eDer Abend kommt\u201c von Karl Bernhard H\u00fcttis, der als Kirchenmusiker in unserem Bistum t\u00e4tig ist (Text: Thomas Laubach), noch einmal sehr gut zur Geltung kommen.<\/p>\n<p>Zu Beginn des Konzertes spielte Frauke Sparfeldt auf der Orgel unter anderem das Pr\u00e4ludium in h-moll und einen Satz aus der Triosonate Nr. 2 von Johann Sebastian Bach. Den Abschluss des Konzertes bildete das gro\u00dfe Choralvorspiel \u00fcber den Choral \u201eIn dich habe ich gehoffet, Herr\u201c von Franz Tunder.<\/p>\n<p>\u201e Armut ist eine versteckte Angelegenheit\u201c, betonte Pfarrer Bernhard Horstmann, der auch einige entsprechende Passagen aus einer Predigt von Papst Franziskus vortrug. Durch das Programm f\u00fchrte der Gesch\u00e4ftsf\u00fchrer des Caritasverbandes Emsland, Marcus Drees, der in Form eines Interviews sowohl mit Maria Sch\u00e4rmann (Leiterin des Fachbereichs Familie und Gesundheit in S\u00f6gel) als auch mit Pfarrer Bernhard Horstmann \u00fcber den Auftrag der Caritas in unserer Region, ihre Erfahrungen und das Einsetzen der Spenden sprach. Nach dem Konzert wurden Spenden f\u00fcr den emsl\u00e4ndischen Stiftungsfonds \u201eArche\u201c gesammelt.<\/p>\n<p>Text: Frauke Sparfeldt<\/p>\n<p>&nbsp;<\/p>\n","protected":false},"excerpt":{"rendered":"S\u00f6gel &#8211; Am Palmsonntag, dem 25.M\u00e4rz 2013, fand in der St. Jakobus Kirche in S\u00f6gel, das Benefizkonzert f\u00fcr die Caritas statt. Mit diesem Konzert wurde sowohl den Mitarbeitern als auch den Spendern der Caritas- Haussammlung gedankt. In der Gemeinde S\u00f6gel wurde die gro\u00dfe Summe von \u00fcber 6000 \u20ac gesammelt. Das musikalische Programm gestaltete der f\u00fcr [&hellip;]\n","protected":false},"author":2,"featured_media":0,"comment_status":"closed","ping_status":"closed","sticky":false,"template":"","format":"standard","meta":{"ngg_post_thumbnail":0,"footnotes":""},"categories":[868],"tags":[],"class_list":["post-10634","post","type-post","status-publish","format-standard","hentry","category-zwischen-himmel-und-erde"],"_links":{"self":[{"href":"https:\/\/www.forum-soegel.de\/information\/wp-json\/wp\/v2\/posts\/10634","targetHints":{"allow":["GET"]}}],"collection":[{"href":"https:\/\/www.forum-soegel.de\/information\/wp-json\/wp\/v2\/posts"}],"about":[{"href":"https:\/\/www.forum-soegel.de\/information\/wp-json\/wp\/v2\/types\/post"}],"author":[{"embeddable":true,"href":"https:\/\/www.forum-soegel.de\/information\/wp-json\/wp\/v2\/users\/2"}],"replies":[{"embeddable":true,"href":"https:\/\/www.forum-soegel.de\/information\/wp-json\/wp\/v2\/comments?post=10634"}],"version-history":[{"count":1,"href":"https:\/\/www.forum-soegel.de\/information\/wp-json\/wp\/v2\/posts\/10634\/revisions"}],"predecessor-version":[{"id":10635,"href":"https:\/\/www.forum-soegel.de\/information\/wp-json\/wp\/v2\/posts\/10634\/revisions\/10635"}],"wp:attachment":[{"href":"https:\/\/www.forum-soegel.de\/information\/wp-json\/wp\/v2\/media?parent=10634"}],"wp:term":[{"taxonomy":"category","embeddable":true,"href":"https:\/\/www.forum-soegel.de\/information\/wp-json\/wp\/v2\/categories?post=10634"},{"taxonomy":"post_tag","embeddable":true,"href":"https:\/\/www.forum-soegel.de\/information\/wp-json\/wp\/v2\/tags?post=10634"}],"curies":[{"name":"wp","href":"https:\/\/api.w.org\/{rel}","templated":true}]}}