{"id":10623,"date":"2013-05-01T00:43:36","date_gmt":"2013-04-30T22:43:36","guid":{"rendered":"https:\/\/www.forum-soegel.de\/information\/?p=10623"},"modified":"2013-04-28T20:48:38","modified_gmt":"2013-04-28T18:48:38","slug":"kommunionkinder-gestalten-kreuze-aus-glas","status":"publish","type":"post","link":"https:\/\/www.forum-soegel.de\/information\/2013\/05\/kommunionkinder-gestalten-kreuze-aus-glas\/","title":{"rendered":"Kommunionkinder gestalten Kreuze aus Glas"},"content":{"rendered":"<p><a href=\"https:\/\/www.forum-soegel.de\/information\/wp-content\/uploads\/2013\/04\/Kommunionkinder-gestalten-Kreuze-aus-Glas5.jpg\"><img loading=\"lazy\" decoding=\"async\" class=\"alignleft size-medium wp-image-10628\" title=\"Kommunionkinder gestalten Kreuze aus Glas5\" src=\"https:\/\/www.forum-soegel.de\/information\/wp-content\/uploads\/2013\/04\/Kommunionkinder-gestalten-Kreuze-aus-Glas5-300x225.jpg\" alt=\"\" width=\"300\" height=\"225\" srcset=\"https:\/\/www.forum-soegel.de\/information\/wp-content\/uploads\/2013\/04\/Kommunionkinder-gestalten-Kreuze-aus-Glas5-300x225.jpg 300w, https:\/\/www.forum-soegel.de\/information\/wp-content\/uploads\/2013\/04\/Kommunionkinder-gestalten-Kreuze-aus-Glas5.jpg 1024w\" sizes=\"auto, (max-width: 300px) 100vw, 300px\" \/><\/a>S\u00f6gel &#8211; In den vergangenen sechs Wochen besuchten die Kommunionkinder der Pfarrgemeinde S\u00f6gel innerhalb ihrer Tischgruppen die Glaskunstwerkstatt von Bernd Hinrichs in der Gartenstra\u00dfe. Hier gestalteten die Kinder sehr sch\u00f6ne Kreuze aus Glas und konnten ihrer Kreativit\u00e4t freien Lauf lassen. Nach einer kurzen Einweisung durch Herrn Hinrichs legten die Kinder auch gleich los und waren allesamt mit Begeisterung bei der Sache. Mit Glaspulver und Kr\u00f6seln kamen so verschiedenste Kunstwerke zustande. Im Brennofen wurden anschlie\u00dfend die Kreuze \u00fcber 10 Stunden bei 750\u00b0 gebrannt und konnten sp\u00e4ter an die Kinder \u00fcbergeben werden. Die Katechetinnnen bedanken sich bei Bernd Hinrichs und zeigten sich beeindruckt von den M\u00f6glichkeiten, mit Glas zu gestalten.<\/p>\n<p>Text\/Foto: Sandra Kla\u00df<\/p>\n<p><a href=\"https:\/\/www.forum-soegel.de\/information\/wp-content\/uploads\/2013\/04\/Kommunionkinder-gestalten-Kreuze-aus-Glas1.jpg\"><img loading=\"lazy\" decoding=\"async\" class=\"alignnone size-thumbnail wp-image-10624\" title=\"Kommunionkinder gestalten Kreuze aus Glas1\" src=\"https:\/\/www.forum-soegel.de\/information\/wp-content\/uploads\/2013\/04\/Kommunionkinder-gestalten-Kreuze-aus-Glas1-150x150.jpg\" alt=\"\" width=\"150\" height=\"150\" \/><\/a>\u00a0\u00a0<a href=\"https:\/\/www.forum-soegel.de\/information\/wp-content\/uploads\/2013\/04\/Kommunionkinder-gestalten-Kreuze-aus-Glas2.jpg\"><img loading=\"lazy\" decoding=\"async\" class=\"alignnone size-thumbnail wp-image-10625\" title=\"Kommunionkinder gestalten Kreuze aus Glas2\" src=\"https:\/\/www.forum-soegel.de\/information\/wp-content\/uploads\/2013\/04\/Kommunionkinder-gestalten-Kreuze-aus-Glas2-150x150.jpg\" alt=\"\" width=\"150\" height=\"150\" \/><\/a><\/p>\n<p><a href=\"https:\/\/www.forum-soegel.de\/information\/wp-content\/uploads\/2013\/04\/Kommunionkinder-gestalten-Kreuze-aus-Glas3.jpg\"><img loading=\"lazy\" decoding=\"async\" class=\"alignnone size-thumbnail wp-image-10626\" title=\"Kommunionkinder gestalten Kreuze aus Glas3\" src=\"https:\/\/www.forum-soegel.de\/information\/wp-content\/uploads\/2013\/04\/Kommunionkinder-gestalten-Kreuze-aus-Glas3-150x150.jpg\" alt=\"\" width=\"150\" height=\"150\" \/><\/a>\u00a0\u00a0<a href=\"https:\/\/www.forum-soegel.de\/information\/wp-content\/uploads\/2013\/04\/Kommunionkinder-gestalten-Kreuze-aus-Glas4.jpg\"><img loading=\"lazy\" decoding=\"async\" class=\"alignnone size-thumbnail wp-image-10627\" title=\"Kommunionkinder gestalten Kreuze aus Glas4\" src=\"https:\/\/www.forum-soegel.de\/information\/wp-content\/uploads\/2013\/04\/Kommunionkinder-gestalten-Kreuze-aus-Glas4-150x150.jpg\" alt=\"\" width=\"150\" height=\"150\" \/><\/a><\/p>\n<p>&nbsp;<\/p>\n","protected":false},"excerpt":{"rendered":"S\u00f6gel &#8211; In den vergangenen sechs Wochen besuchten die Kommunionkinder der Pfarrgemeinde S\u00f6gel innerhalb ihrer Tischgruppen die Glaskunstwerkstatt von Bernd Hinrichs in der Gartenstra\u00dfe. Hier gestalteten die Kinder sehr sch\u00f6ne Kreuze aus Glas und konnten ihrer Kreativit\u00e4t freien Lauf lassen. Nach einer kurzen Einweisung durch Herrn Hinrichs legten die Kinder auch gleich los und waren [&hellip;]\n","protected":false},"author":2,"featured_media":0,"comment_status":"closed","ping_status":"closed","sticky":false,"template":"","format":"standard","meta":{"ngg_post_thumbnail":0,"footnotes":""},"categories":[868],"tags":[],"class_list":["post-10623","post","type-post","status-publish","format-standard","hentry","category-zwischen-himmel-und-erde"],"_links":{"self":[{"href":"https:\/\/www.forum-soegel.de\/information\/wp-json\/wp\/v2\/posts\/10623","targetHints":{"allow":["GET"]}}],"collection":[{"href":"https:\/\/www.forum-soegel.de\/information\/wp-json\/wp\/v2\/posts"}],"about":[{"href":"https:\/\/www.forum-soegel.de\/information\/wp-json\/wp\/v2\/types\/post"}],"author":[{"embeddable":true,"href":"https:\/\/www.forum-soegel.de\/information\/wp-json\/wp\/v2\/users\/2"}],"replies":[{"embeddable":true,"href":"https:\/\/www.forum-soegel.de\/information\/wp-json\/wp\/v2\/comments?post=10623"}],"version-history":[{"count":2,"href":"https:\/\/www.forum-soegel.de\/information\/wp-json\/wp\/v2\/posts\/10623\/revisions"}],"predecessor-version":[{"id":10630,"href":"https:\/\/www.forum-soegel.de\/information\/wp-json\/wp\/v2\/posts\/10623\/revisions\/10630"}],"wp:attachment":[{"href":"https:\/\/www.forum-soegel.de\/information\/wp-json\/wp\/v2\/media?parent=10623"}],"wp:term":[{"taxonomy":"category","embeddable":true,"href":"https:\/\/www.forum-soegel.de\/information\/wp-json\/wp\/v2\/categories?post=10623"},{"taxonomy":"post_tag","embeddable":true,"href":"https:\/\/www.forum-soegel.de\/information\/wp-json\/wp\/v2\/tags?post=10623"}],"curies":[{"name":"wp","href":"https:\/\/api.w.org\/{rel}","templated":true}]}}