{"id":10619,"date":"2013-05-01T00:40:43","date_gmt":"2013-04-30T22:40:43","guid":{"rendered":"https:\/\/www.forum-soegel.de\/information\/?p=10619"},"modified":"2013-04-28T20:43:22","modified_gmt":"2013-04-28T18:43:22","slug":"hermann-prinz-zum-diakon-geweiht","status":"publish","type":"post","link":"https:\/\/www.forum-soegel.de\/information\/2013\/05\/hermann-prinz-zum-diakon-geweiht\/","title":{"rendered":"Hermann Prinz zum Diakon geweiht"},"content":{"rendered":"<p><a href=\"https:\/\/www.forum-soegel.de\/information\/wp-content\/uploads\/2013\/04\/Hermann-Prinz-zum-Diakon-geweiht2.jpg\"><img loading=\"lazy\" decoding=\"async\" class=\"alignleft size-thumbnail wp-image-10620\" title=\"Hermann Prinz zum Diakon geweiht2\" src=\"https:\/\/www.forum-soegel.de\/information\/wp-content\/uploads\/2013\/04\/Hermann-Prinz-zum-Diakon-geweiht2-150x150.jpg\" alt=\"\" width=\"150\" height=\"150\" \/><\/a>S\u00f6gel &#8211; Am 16. M\u00e4rz 2013 ist Hermann Prinz aus der St.-Jakobus-Gemeinde in S\u00f6gel\u00a0 neben\u00a0 Kruse Thevarajah aus Twistringen im Osnabr\u00fccker Dom von Weihbischof Theodor Kettmann zum Diakon geweiht worden.<\/p>\n<p>Viele Freunde, Verwandte und Bekannte waren am Samstag nach Osnabr\u00fcck gefahren, um dort die Weihe mitzuerleben. Schon am n\u00e4chsten Tag stand der frisch geweihte Diakon in seiner Heimatgemeinde S\u00f6gel als Assistent am Altar. Er las das Evangelium und durfte erstmalig die Predigt halten.<\/p>\n<p>In Pfarrhaus wurde Hermann Prinz dann herzlich empfangen und nahm viele Gratulationen entgegen. Er wird zun\u00e4chst sein Diakonats-Praktikum in Melle St. Matth\u00e4us absolvieren, bevor er im Juni n\u00e4chsten Jahres zum Priester geweiht wird.<\/p>\n<p>&nbsp;<\/p>\n<p>Text: Maria Wilmes \/ Foto: Heidi Penniggers<\/p>\n<p><a href=\"https:\/\/www.forum-soegel.de\/information\/wp-content\/uploads\/2013\/04\/Hermann-Prinz-zum-Diakon-geweiht1.jpg\"><img loading=\"lazy\" decoding=\"async\" class=\"alignnone size-medium wp-image-10621\" title=\"Hermann Prinz zum Diakon geweiht1\" src=\"https:\/\/www.forum-soegel.de\/information\/wp-content\/uploads\/2013\/04\/Hermann-Prinz-zum-Diakon-geweiht1-300x225.jpg\" alt=\"\" width=\"300\" height=\"225\" srcset=\"https:\/\/www.forum-soegel.de\/information\/wp-content\/uploads\/2013\/04\/Hermann-Prinz-zum-Diakon-geweiht1-300x225.jpg 300w, https:\/\/www.forum-soegel.de\/information\/wp-content\/uploads\/2013\/04\/Hermann-Prinz-zum-Diakon-geweiht1.jpg 1024w\" sizes=\"auto, (max-width: 300px) 100vw, 300px\" \/><\/a><\/p>\n","protected":false},"excerpt":{"rendered":"S\u00f6gel &#8211; Am 16. M\u00e4rz 2013 ist Hermann Prinz aus der St.-Jakobus-Gemeinde in S\u00f6gel\u00a0 neben\u00a0 Kruse Thevarajah aus Twistringen im Osnabr\u00fccker Dom von Weihbischof Theodor Kettmann zum Diakon geweiht worden. Viele Freunde, Verwandte und Bekannte waren am Samstag nach Osnabr\u00fcck gefahren, um dort die Weihe mitzuerleben. Schon am n\u00e4chsten Tag stand der frisch geweihte Diakon [&hellip;]\n","protected":false},"author":2,"featured_media":0,"comment_status":"closed","ping_status":"closed","sticky":false,"template":"","format":"standard","meta":{"ngg_post_thumbnail":0,"footnotes":""},"categories":[868],"tags":[],"class_list":["post-10619","post","type-post","status-publish","format-standard","hentry","category-zwischen-himmel-und-erde"],"_links":{"self":[{"href":"https:\/\/www.forum-soegel.de\/information\/wp-json\/wp\/v2\/posts\/10619","targetHints":{"allow":["GET"]}}],"collection":[{"href":"https:\/\/www.forum-soegel.de\/information\/wp-json\/wp\/v2\/posts"}],"about":[{"href":"https:\/\/www.forum-soegel.de\/information\/wp-json\/wp\/v2\/types\/post"}],"author":[{"embeddable":true,"href":"https:\/\/www.forum-soegel.de\/information\/wp-json\/wp\/v2\/users\/2"}],"replies":[{"embeddable":true,"href":"https:\/\/www.forum-soegel.de\/information\/wp-json\/wp\/v2\/comments?post=10619"}],"version-history":[{"count":1,"href":"https:\/\/www.forum-soegel.de\/information\/wp-json\/wp\/v2\/posts\/10619\/revisions"}],"predecessor-version":[{"id":10622,"href":"https:\/\/www.forum-soegel.de\/information\/wp-json\/wp\/v2\/posts\/10619\/revisions\/10622"}],"wp:attachment":[{"href":"https:\/\/www.forum-soegel.de\/information\/wp-json\/wp\/v2\/media?parent=10619"}],"wp:term":[{"taxonomy":"category","embeddable":true,"href":"https:\/\/www.forum-soegel.de\/information\/wp-json\/wp\/v2\/categories?post=10619"},{"taxonomy":"post_tag","embeddable":true,"href":"https:\/\/www.forum-soegel.de\/information\/wp-json\/wp\/v2\/tags?post=10619"}],"curies":[{"name":"wp","href":"https:\/\/api.w.org\/{rel}","templated":true}]}}