{"id":10609,"date":"2013-05-01T00:33:49","date_gmt":"2013-04-30T22:33:49","guid":{"rendered":"https:\/\/www.forum-soegel.de\/information\/?p=10609"},"modified":"2013-04-28T20:40:38","modified_gmt":"2013-04-28T18:40:38","slug":"renaturierung-von-71-hektar-wegeseitenraume-hat-begonnen","status":"publish","type":"post","link":"https:\/\/www.forum-soegel.de\/information\/2013\/05\/renaturierung-von-71-hektar-wegeseitenraume-hat-begonnen\/","title":{"rendered":"Renaturierung von 71 Hektar Wegeseitenr\u00e4ume hat begonnen"},"content":{"rendered":"<p>S\u00f6gel\/Stavern.- Mit Unterst\u00fctzung der Landwirtschaftlichen Ortsvereine sowie der B\u00fcrgermeister und Bauh\u00f6fe der Mitgliedsgemeinden hat die Renaturierung von Wegeseitenr\u00e4umen in der Samtgemeinde S\u00f6gel begonnen. Mithilfe eines neuen EDV-Systems und durch die Einstellung eines Landschaftspflegers wollen diverse Gemeinden auf dem H\u00fcmmling bisher landwirtschaftlich genutzte Seitenr\u00e4ume f\u00fcr die Natur zur\u00fcckgewinnen.<\/p>\n<p>Seit Oktober sind in der Samtgemeinde S\u00f6gel rund 1300 im \u00f6ffentlichen Eigentum befindliche Flurst\u00fccke von Wegen und Gr\u00e4ben daten- und kartenm\u00e4\u00dfig erfasst worden, auf denen in mehr als einem Meter Breite Ackerbau betrieben wird. Sie sollen nun mit standortgerechten Str\u00e4uchern aufgepflanzt oder mit mehrj\u00e4hrigen Bl\u00fchstreifen versehen werden. Baumpflanzungen sind nur an den Nordseiten betroffener Grundst\u00fccke geplant, um Schattenwurf und damit Ertragseinbu\u00dfen f\u00fcr die Landwirtschaft zu vermeiden. Nach Abschluss der Renaturierungsma\u00dfnahmen, die mehrere Jahre in Anspruch nehmen werden, sollen in der Summe rund 71 Hektar Ackerfl\u00e4chen zu einem R\u00fcckzugs- und Entwicklungsraum f\u00fcr die Tier- und Pflanzenwelt umgewandelt werden. Das Auspflocken hat in den Gemeinden Stavern, Klein Ber\u00dfen und S\u00f6gel begonnen. Die Pfl\u00f6cke werden jeweils einen halben Meter von der tats\u00e4chlichen Grundst\u00fccksgrenze entfernt gesetzt und zeigen dem Eigent\u00fcmer oder P\u00e4chter k\u00fcnftig die Grenze der Bewirtschaftung an. Mit der Renaturierung k\u00f6nnen die Gemeinden im Rahmen von Bauleitplanverfahren f\u00fcr die Entwicklung von Gewerbe-\/Industrie- und Wohngebieten Ausgleichsfl\u00e4chen schaffen.<\/p>\n<p>Text\/Foto: Ingrid Cloppenburg<\/p>\n<p><a href=\"https:\/\/www.forum-soegel.de\/information\/wp-content\/uploads\/2013\/04\/Renaturierung-von-71-Hektar-Wegeseitenr\u00e4ume-hat-begonnen1.jpg\"><img loading=\"lazy\" decoding=\"async\" class=\"alignnone size-thumbnail wp-image-10610\" title=\"Renaturierung von 71 Hektar Wegeseitenr\u00e4ume hat begonnen1\" src=\"https:\/\/www.forum-soegel.de\/information\/wp-content\/uploads\/2013\/04\/Renaturierung-von-71-Hektar-Wegeseitenr\u00e4ume-hat-begonnen1-150x150.jpg\" alt=\"\" width=\"150\" height=\"150\" \/><\/a>\u00a0\u00a0\u00a0\u00a0<a href=\"https:\/\/www.forum-soegel.de\/information\/wp-content\/uploads\/2013\/04\/Renaturierung-von-71-Hektar-Wegeseitenr\u00e4ume-hat-begonnen3.jpg\"><img loading=\"lazy\" decoding=\"async\" class=\"alignnone size-thumbnail wp-image-10612\" title=\"Renaturierung von 71 Hektar Wegeseitenr\u00e4ume hat begonnen3\" src=\"https:\/\/www.forum-soegel.de\/information\/wp-content\/uploads\/2013\/04\/Renaturierung-von-71-Hektar-Wegeseitenr\u00e4ume-hat-begonnen3-150x150.jpg\" alt=\"\" width=\"150\" height=\"150\" \/><\/a><\/p>\n<div id=\"attachment_10617\" style=\"width: 235px\" class=\"wp-caption alignnone\"><a href=\"https:\/\/www.forum-soegel.de\/information\/wp-content\/uploads\/2013\/05\/Renaturierung-von-71-Hektar-Wegeseitenr\u00e4ume-hat-begonnen2.jpg\"><img loading=\"lazy\" decoding=\"async\" aria-describedby=\"caption-attachment-10617\" class=\"size-medium wp-image-10617\" title=\"Renaturierung von 71 Hektar Wegeseitenr\u00e4ume hat begonnen2\" src=\"https:\/\/www.forum-soegel.de\/information\/wp-content\/uploads\/2013\/05\/Renaturierung-von-71-Hektar-Wegeseitenr\u00e4ume-hat-begonnen2-225x300.jpg\" alt=\"\" width=\"225\" height=\"300\" srcset=\"https:\/\/www.forum-soegel.de\/information\/wp-content\/uploads\/2013\/05\/Renaturierung-von-71-Hektar-Wegeseitenr\u00e4ume-hat-begonnen2-225x300.jpg 225w, https:\/\/www.forum-soegel.de\/information\/wp-content\/uploads\/2013\/05\/Renaturierung-von-71-Hektar-Wegeseitenr\u00e4ume-hat-begonnen2.jpg 576w\" sizes=\"auto, (max-width: 225px) 100vw, 225px\" \/><\/a><p id=\"caption-attachment-10617\" class=\"wp-caption-text\">Das Auspflocken von Wegeseitenr\u00e4umen in der Samtgemeinde S\u00f6gel hat in mittlerweile drei Mitgliedsgemeinden begonnen. Jeweils einen halben Meter von der tats\u00e4chlichen Grundst\u00fccksgrenze entfernt werden Pfl\u00f6cke gesetzt, die den Landwirten bei der Bewirtschaftung und dem Landschaftspfleger bei den geplanten Aufpflanzungsarbeiten als Orientierung dienen.<\/p><\/div>\n<p>&nbsp;<\/p>\n","protected":false},"excerpt":{"rendered":"S\u00f6gel\/Stavern.- Mit Unterst\u00fctzung der Landwirtschaftlichen Ortsvereine sowie der B\u00fcrgermeister und Bauh\u00f6fe der Mitgliedsgemeinden hat die Renaturierung von Wegeseitenr\u00e4umen in der Samtgemeinde S\u00f6gel begonnen. Mithilfe eines neuen EDV-Systems und durch die Einstellung eines Landschaftspflegers wollen diverse Gemeinden auf dem H\u00fcmmling bisher landwirtschaftlich genutzte Seitenr\u00e4ume f\u00fcr die Natur zur\u00fcckgewinnen. Seit Oktober sind in der Samtgemeinde S\u00f6gel rund [&hellip;]\n","protected":false},"author":2,"featured_media":0,"comment_status":"closed","ping_status":"closed","sticky":false,"template":"","format":"standard","meta":{"ngg_post_thumbnail":0,"footnotes":""},"categories":[3],"tags":[],"class_list":["post-10609","post","type-post","status-publish","format-standard","hentry","category-aktuelles-aus-der-region"],"_links":{"self":[{"href":"https:\/\/www.forum-soegel.de\/information\/wp-json\/wp\/v2\/posts\/10609","targetHints":{"allow":["GET"]}}],"collection":[{"href":"https:\/\/www.forum-soegel.de\/information\/wp-json\/wp\/v2\/posts"}],"about":[{"href":"https:\/\/www.forum-soegel.de\/information\/wp-json\/wp\/v2\/types\/post"}],"author":[{"embeddable":true,"href":"https:\/\/www.forum-soegel.de\/information\/wp-json\/wp\/v2\/users\/2"}],"replies":[{"embeddable":true,"href":"https:\/\/www.forum-soegel.de\/information\/wp-json\/wp\/v2\/comments?post=10609"}],"version-history":[{"count":2,"href":"https:\/\/www.forum-soegel.de\/information\/wp-json\/wp\/v2\/posts\/10609\/revisions"}],"predecessor-version":[{"id":10618,"href":"https:\/\/www.forum-soegel.de\/information\/wp-json\/wp\/v2\/posts\/10609\/revisions\/10618"}],"wp:attachment":[{"href":"https:\/\/www.forum-soegel.de\/information\/wp-json\/wp\/v2\/media?parent=10609"}],"wp:term":[{"taxonomy":"category","embeddable":true,"href":"https:\/\/www.forum-soegel.de\/information\/wp-json\/wp\/v2\/categories?post=10609"},{"taxonomy":"post_tag","embeddable":true,"href":"https:\/\/www.forum-soegel.de\/information\/wp-json\/wp\/v2\/tags?post=10609"}],"curies":[{"name":"wp","href":"https:\/\/api.w.org\/{rel}","templated":true}]}}