{"id":10606,"date":"2013-05-01T00:31:33","date_gmt":"2013-04-30T22:31:33","guid":{"rendered":"https:\/\/www.forum-soegel.de\/information\/?p=10606"},"modified":"2013-04-28T20:33:40","modified_gmt":"2013-04-28T18:33:40","slug":"mitgliederversammlung-der-freiwilligen-feuerwehr-werpeloh","status":"publish","type":"post","link":"https:\/\/www.forum-soegel.de\/information\/2013\/05\/mitgliederversammlung-der-freiwilligen-feuerwehr-werpeloh\/","title":{"rendered":"Mitgliederversammlung der Freiwilligen Feuerwehr Werpeloh"},"content":{"rendered":"<p>Werpeloh &#8211; Im vergangenen Jahr wurde die Feuerwehr Werpeloh zu 16 Eins\u00e4tzen gerufen. Diese teilen sich in sieben Brandeins\u00e4tze und neun Hilfeleistungseins\u00e4tze auf. Im Bereich der technischen Hilfeleistung waren sechs Verkehrsunf\u00e4lle zu verzeichnen. Die Feuerwehr war dadurch ca. 350 Stunden im Einsatz.<\/p>\n<p>Zu diesen Einsatzstunden kommen noch ca. 800 Dienststunden. In diesen Stunden wurde die Ausbildung intensiv durchgef\u00fchrt. Weiterhin wurden zwei Objektbegehungen bei ortsans\u00e4ssigen Betrieben durchgef\u00fchrt, um m\u00f6gliche Gefahrenstellen im Vorfeld schon zu erkennen und die Betreiber auf Missst\u00e4nde hinzuweisen.<\/p>\n<p>Auch in diesem Jahr standen wieder Bef\u00f6rderungen und Ernennungen an, die Kameraden Wilm Eilers, Lukas Pohlmann und Johannes Schmits wurden zu Oberfeuerwehrm\u00e4nnern bef\u00f6rdert.<\/p>\n<p>Nach einstimmiger Wahl wurde Michael Lammers zum stellvertretenden Gruppenf\u00fchrer ernannt.<\/p>\n<p>\u00dcber mangelnden\u00a0 Nachwuchs braucht sich die Feuerwehr im Moment noch keine Gedanken zu machen, im Rahmen der Versammlung konnten drei neue Mitglieder aufgenommen werden.<\/p>\n<p>Der anwesende B\u00fcrgermeister Hans Geerswilken dankte den Kameraden f\u00fcr ihren ehrenamtlichen Einsatz auch \u00fcber den Dienst in der Feuerwehr hinaus. Hier nannte er besonders die Mithilfe beim Neubau des Mehrgenerationenhauses.<\/p>\n<p>Ein gro\u00dfes Lob sprach der Gemeindebrandmeister Hermann Weller den Werpeloher Kameraden aus. Er best\u00e4tigte den sehr guten Ausbildungsstand der Feuerwehr und lobte die Zusammenarbeit bei \u00fcber\u00f6rtlichen Eins\u00e4tzen. Er sprach auch das Problem der Einsatzf\u00e4higkeit w\u00e4hrend der Tagesstunden an und best\u00e4tigte, dass in Werpeloh auch \u00fcber Tag gen\u00fcgend\u00a0 Kameraden vor Ort seien.<\/p>\n<p>Text\/Foto: Michael Lammers, Feuerwehr Werpeloh<\/p>\n<div id=\"attachment_10607\" style=\"width: 310px\" class=\"wp-caption alignnone\"><a href=\"https:\/\/www.forum-soegel.de\/information\/wp-content\/uploads\/2013\/04\/Mitgliederversammlung-der-Freiwilligen-Feuerwehr-Werpeloh.jpg\"><img loading=\"lazy\" decoding=\"async\" aria-describedby=\"caption-attachment-10607\" class=\"size-medium wp-image-10607\" title=\"Mitgliederversammlung der Freiwilligen Feuerwehr Werpeloh\" src=\"https:\/\/www.forum-soegel.de\/information\/wp-content\/uploads\/2013\/04\/Mitgliederversammlung-der-Freiwilligen-Feuerwehr-Werpeloh-300x164.jpg\" alt=\"\" width=\"300\" height=\"164\" srcset=\"https:\/\/www.forum-soegel.de\/information\/wp-content\/uploads\/2013\/04\/Mitgliederversammlung-der-Freiwilligen-Feuerwehr-Werpeloh-300x164.jpg 300w, https:\/\/www.forum-soegel.de\/information\/wp-content\/uploads\/2013\/04\/Mitgliederversammlung-der-Freiwilligen-Feuerwehr-Werpeloh.jpg 1024w\" sizes=\"auto, (max-width: 300px) 100vw, 300px\" \/><\/a><p id=\"caption-attachment-10607\" class=\"wp-caption-text\">Die bef\u00f6rderten Kameraden der Feuerwehr Werpeloh im Kreise der anwesenden Ehreng\u00e4ste und der Wehrf\u00fchrung.<\/p><\/div>\n","protected":false},"excerpt":{"rendered":"Werpeloh &#8211; Im vergangenen Jahr wurde die Feuerwehr Werpeloh zu 16 Eins\u00e4tzen gerufen. Diese teilen sich in sieben Brandeins\u00e4tze und neun Hilfeleistungseins\u00e4tze auf. Im Bereich der technischen Hilfeleistung waren sechs Verkehrsunf\u00e4lle zu verzeichnen. Die Feuerwehr war dadurch ca. 350 Stunden im Einsatz. Zu diesen Einsatzstunden kommen noch ca. 800 Dienststunden. In diesen Stunden wurde die [&hellip;]\n","protected":false},"author":2,"featured_media":0,"comment_status":"closed","ping_status":"closed","sticky":false,"template":"","format":"standard","meta":{"ngg_post_thumbnail":0,"footnotes":""},"categories":[3],"tags":[],"class_list":["post-10606","post","type-post","status-publish","format-standard","hentry","category-aktuelles-aus-der-region"],"_links":{"self":[{"href":"https:\/\/www.forum-soegel.de\/information\/wp-json\/wp\/v2\/posts\/10606","targetHints":{"allow":["GET"]}}],"collection":[{"href":"https:\/\/www.forum-soegel.de\/information\/wp-json\/wp\/v2\/posts"}],"about":[{"href":"https:\/\/www.forum-soegel.de\/information\/wp-json\/wp\/v2\/types\/post"}],"author":[{"embeddable":true,"href":"https:\/\/www.forum-soegel.de\/information\/wp-json\/wp\/v2\/users\/2"}],"replies":[{"embeddable":true,"href":"https:\/\/www.forum-soegel.de\/information\/wp-json\/wp\/v2\/comments?post=10606"}],"version-history":[{"count":1,"href":"https:\/\/www.forum-soegel.de\/information\/wp-json\/wp\/v2\/posts\/10606\/revisions"}],"predecessor-version":[{"id":10608,"href":"https:\/\/www.forum-soegel.de\/information\/wp-json\/wp\/v2\/posts\/10606\/revisions\/10608"}],"wp:attachment":[{"href":"https:\/\/www.forum-soegel.de\/information\/wp-json\/wp\/v2\/media?parent=10606"}],"wp:term":[{"taxonomy":"category","embeddable":true,"href":"https:\/\/www.forum-soegel.de\/information\/wp-json\/wp\/v2\/categories?post=10606"},{"taxonomy":"post_tag","embeddable":true,"href":"https:\/\/www.forum-soegel.de\/information\/wp-json\/wp\/v2\/tags?post=10606"}],"curies":[{"name":"wp","href":"https:\/\/api.w.org\/{rel}","templated":true}]}}