{"id":10603,"date":"2013-05-01T00:19:12","date_gmt":"2013-04-30T22:19:12","guid":{"rendered":"https:\/\/www.forum-soegel.de\/information\/?p=10603"},"modified":"2013-04-28T20:31:20","modified_gmt":"2013-04-28T18:31:20","slug":"mitgliederversammlung-der-feuerwehr-sogel","status":"publish","type":"post","link":"https:\/\/www.forum-soegel.de\/information\/2013\/05\/mitgliederversammlung-der-feuerwehr-sogel\/","title":{"rendered":"Mitgliederversammlung der Feuerwehr S\u00f6gel"},"content":{"rendered":"<p>S\u00f6gel &#8211; Beim R\u00fcckblick auf das Jahr 2012 wurden die vielen schweren Verkehrsunf\u00e4lle in Erinnerung gerufen. Sorgen machen der Feuerwehr S\u00f6gel die gestiegenen Anforderungen und Gefahrenschwerpunkte im Industriegebiet. Bei der Brandschutzerziehung arbeite man eng mit den\u00a0 Schulen und Kinderg\u00e4rten zusammen.Um den Einsatzanforderungen gerecht zu werden, h\u00e4tten zahlreiche Kameraden Funktions- und F\u00fchrungslehrg\u00e4nge auf Kreis\u2013 und Landesebene besucht. Die FF S\u00f6gel verf\u00fcge aktuell \u00fcber 3 Frauen und 51 M\u00e4nner\u00a0 in der Einsatzabteilung. Das Durchschnittsalter betrage 32 Jahre. Auch weiterhin sei die Feuerwehr bestrebt, interessierte Frauen und M\u00e4nner aufzunehmen. Im \u00dcbrigen freue man sich \u00fcber die tatkr\u00e4ftige Unterst\u00fctzung der 14 Kameraden in der Altersabteilung unter der Federf\u00fchrung von Ehrenbrandmeister Hans Arents. <strong><em><\/em><\/strong><\/p>\n<p>Insgesamt sieben neue Mitglieder wurden in die aktive Wehr \u00fcbernommen. Folgende Feuerwehrleute erhielten nach Absolvierung der Dienstzeiten und Lehrgangsvoraussetzungen ihre Bef\u00f6rderungsurkunde: Bernhard Lammers und Johannes Busche (Feuerwehrm\u00e4nner), Marvin Jackst\u00e4dt und Gerrit Ahrens (Oberfeuerwehrm\u00e4nner), Andras Brinkmann, J\u00fcrgen Grote und Bernhard Schepers (Hauptfeuerwehrm\u00e4nner), Bernhard Hensen (1. Hauptfeuerwehrmann) sowie J\u00f6rg Eveld (L\u00f6schmeister).<\/p>\n<p>In seinem Bericht \u00fcber den Einsatz- und \u00dcbungsdienst erinnerte der stellvertretende Ortsbrandmeister Lambert Brand an die 12 \u00fcberwiegend folgenschweren Verkehrsunf\u00e4lle. Insgesamt verzeichnete man 69 Eins\u00e4tze. Problematisch sei, so Brand und Ortsbrandmeister Tholen, die fortschreitende Expansion im industriellen Bereich der Gemeinde S\u00f6gel. Dieser Situation m\u00fcsse man nicht nur personell,sondern auch in technischer Hinsicht gerecht werden.Samtgemeindeb\u00fcrgermeister G\u00fcnter Wigbers machte deutlich, dass die Samtgemeinde als Tr\u00e4ger des Feuerwehrwesens die Sorgen der Feuerwehr ernst nehme.Jugendfeuerwehrwart Andreas Brinkmann zeigte sich sehr zufrieden mit den Leistungen seiner 21 Sch\u00fctzlinge. Dank geb\u00fchre dem Betreuerteam.<\/p>\n<p>Text\/Foto: LB<\/p>\n<div id=\"attachment_10604\" style=\"width: 310px\" class=\"wp-caption alignnone\"><a href=\"https:\/\/www.forum-soegel.de\/information\/wp-content\/uploads\/2013\/04\/Mitgliederversammlung-der-Feuerwehr-S\u00f6gel.jpg\"><img loading=\"lazy\" decoding=\"async\" aria-describedby=\"caption-attachment-10604\" class=\"size-medium wp-image-10604\" title=\"Mitgliederversammlung der Feuerwehr S\u00f6gel\" src=\"https:\/\/www.forum-soegel.de\/information\/wp-content\/uploads\/2013\/04\/Mitgliederversammlung-der-Feuerwehr-S\u00f6gel-300x152.jpg\" alt=\"\" width=\"300\" height=\"152\" srcset=\"https:\/\/www.forum-soegel.de\/information\/wp-content\/uploads\/2013\/04\/Mitgliederversammlung-der-Feuerwehr-S\u00f6gel-300x152.jpg 300w, https:\/\/www.forum-soegel.de\/information\/wp-content\/uploads\/2013\/04\/Mitgliederversammlung-der-Feuerwehr-S\u00f6gel.jpg 1024w\" sizes=\"auto, (max-width: 300px) 100vw, 300px\" \/><\/a><p id=\"caption-attachment-10604\" class=\"wp-caption-text\">Die Feuerwehr ehrte mehrere Kameraden mit einem \u201erunden&quot; Dienstalter.<\/p><\/div>\n","protected":false},"excerpt":{"rendered":"S\u00f6gel &#8211; Beim R\u00fcckblick auf das Jahr 2012 wurden die vielen schweren Verkehrsunf\u00e4lle in Erinnerung gerufen. Sorgen machen der Feuerwehr S\u00f6gel die gestiegenen Anforderungen und Gefahrenschwerpunkte im Industriegebiet. Bei der Brandschutzerziehung arbeite man eng mit den\u00a0 Schulen und Kinderg\u00e4rten zusammen.Um den Einsatzanforderungen gerecht zu werden, h\u00e4tten zahlreiche Kameraden Funktions- und F\u00fchrungslehrg\u00e4nge auf Kreis\u2013 und Landesebene [&hellip;]\n","protected":false},"author":2,"featured_media":0,"comment_status":"closed","ping_status":"closed","sticky":false,"template":"","format":"standard","meta":{"ngg_post_thumbnail":0,"footnotes":""},"categories":[3],"tags":[],"class_list":["post-10603","post","type-post","status-publish","format-standard","hentry","category-aktuelles-aus-der-region"],"_links":{"self":[{"href":"https:\/\/www.forum-soegel.de\/information\/wp-json\/wp\/v2\/posts\/10603","targetHints":{"allow":["GET"]}}],"collection":[{"href":"https:\/\/www.forum-soegel.de\/information\/wp-json\/wp\/v2\/posts"}],"about":[{"href":"https:\/\/www.forum-soegel.de\/information\/wp-json\/wp\/v2\/types\/post"}],"author":[{"embeddable":true,"href":"https:\/\/www.forum-soegel.de\/information\/wp-json\/wp\/v2\/users\/2"}],"replies":[{"embeddable":true,"href":"https:\/\/www.forum-soegel.de\/information\/wp-json\/wp\/v2\/comments?post=10603"}],"version-history":[{"count":1,"href":"https:\/\/www.forum-soegel.de\/information\/wp-json\/wp\/v2\/posts\/10603\/revisions"}],"predecessor-version":[{"id":10605,"href":"https:\/\/www.forum-soegel.de\/information\/wp-json\/wp\/v2\/posts\/10603\/revisions\/10605"}],"wp:attachment":[{"href":"https:\/\/www.forum-soegel.de\/information\/wp-json\/wp\/v2\/media?parent=10603"}],"wp:term":[{"taxonomy":"category","embeddable":true,"href":"https:\/\/www.forum-soegel.de\/information\/wp-json\/wp\/v2\/categories?post=10603"},{"taxonomy":"post_tag","embeddable":true,"href":"https:\/\/www.forum-soegel.de\/information\/wp-json\/wp\/v2\/tags?post=10603"}],"curies":[{"name":"wp","href":"https:\/\/api.w.org\/{rel}","templated":true}]}}