{"id":10600,"date":"2013-05-01T00:14:41","date_gmt":"2013-04-30T22:14:41","guid":{"rendered":"https:\/\/www.forum-soegel.de\/information\/?p=10600"},"modified":"2013-04-28T20:19:01","modified_gmt":"2013-04-28T18:19:01","slug":"markt-der-moglichkeiten-im-a-w-bildungszentrum-sogel","status":"publish","type":"post","link":"https:\/\/www.forum-soegel.de\/information\/2013\/05\/markt-der-moglichkeiten-im-a-w-bildungszentrum-sogel\/","title":{"rendered":"Markt der M\u00f6glichkeiten im A + W  Bildungszentrum S\u00f6gel"},"content":{"rendered":"<p>S\u00f6gel \u2013 \u201eIch w\u00fcrde mich f\u00fcr ein Ehrenamt in der Jugendpflege entscheiden\u201c, lautete die Antwort eines Teilnehmers beim Markt der M\u00f6glichkeiten im A + W Bildungszentrum S\u00f6gel auf die Frage, welche von den angegebenen Freizeitm\u00f6glichkeiten ihm gefallen w\u00fcrden.\u00a0 Das A + W Bildungszentrum veranstaltete in Kooperation mit den sozialen Netzwerken im Landkreis Emsland einen \u201eMarkt der M\u00f6glichkeiten\u201c f\u00fcr Sch\u00fcler und junge Erwachsene aus den Jugendwerkst\u00e4tten.<\/p>\n<p>Ausgehend von den individuellen Lebenslagen und Interessen erarbeiteten die Jugendlichen in 9 Workshops die zentralen Themen \u201eGesundheit\u201c, \u201eLebenshilfen\u201c und \u201eFreizeit\u201c.\u00a0 Mitwirkende Kooperationspartner waren das Kath. Jugendb\u00fcro Papenburg, die Caritas Schuldnerberatung Meppen, der Kolping Jugendmigrationsdienst S\u00f6gel, der Sozialdienst kath. Frauen S\u00f6gel\/Meppen, Lotse e. V. Meppen, die Koordinierungsstelle Frauen und Wirtschaft Meppen, die Kreissportschule Emsland, die Ern\u00e4hrungsberaterin Thea Timpker,\u00a0 das Jugendzentrum Alte Post S\u00f6gel, die Stiftung Kinder- und Jugendhilfe H\u00fcmmling e. V. S\u00f6gel und die Gemeinde S\u00f6gel. Vorgestellt wurden konkrete Hilfsangebote in den verschiedenen Bereichen. \u201eDamit wollen wir einen chancengleichen Zugang f\u00fcr junge Menschen aus F\u00f6rder- und Hauptschulen erreichen\u201c so die f\u00fcr dieses Projekt verantwortliche Leiterin Elisabeth H\u00fcntelmann. Den Teilnehmern wurde in Kleingruppengespr\u00e4chen ein Einblick in die jeweilige Institution gegeben. Sie haben erfahren, dass sie in Notlagen aufgefangen werden k\u00f6nnen, sind aber auch auf vielf\u00e4ltige sinnvolle und unterst\u00fctzende Freizeitangebote hingewiesen worden.<\/p>\n<p>Diese Veranstaltung ist ein Element im innovativen Projekt: \u201eWir machen Zukunft! Betriebe \u00fcbernehmen Patenschaften f\u00fcr junge Menschen ohne Ausbildung\u201c. Ziel ist die gut begleitete Vorbereitung auf eine Ausbildung\u00a0 in einem regionalen Betrieb. A + W f\u00fchrt dieses innovative Projekt, nach einer landesweiten Ausschreibung, mit Mitteln des Landes und des Europ\u00e4ischen Sozialfonds (ESF) durch. \u00a0\u201eEin Projekt, das Mut macht!\u201c, so H\u00fcntelmann.<\/p>\n<p>Text\/Foto: Ingrid Cloppenburg<\/p>\n<p><a href=\"https:\/\/www.forum-soegel.de\/information\/wp-content\/uploads\/2013\/04\/Markt-der-M\u00f6glichkeiten-im-A-+-W-Bildungszentrum-S\u00f6gel.jpg\"><img loading=\"lazy\" decoding=\"async\" class=\"alignnone size-medium wp-image-10601\" title=\"Markt der M\u00f6glichkeiten im A + W Bildungszentrum S\u00f6gel\" src=\"https:\/\/www.forum-soegel.de\/information\/wp-content\/uploads\/2013\/04\/Markt-der-M\u00f6glichkeiten-im-A-+-W-Bildungszentrum-S\u00f6gel-300x177.jpg\" alt=\"\" width=\"300\" height=\"177\" srcset=\"https:\/\/www.forum-soegel.de\/information\/wp-content\/uploads\/2013\/04\/Markt-der-M\u00f6glichkeiten-im-A-+-W-Bildungszentrum-S\u00f6gel-300x177.jpg 300w, https:\/\/www.forum-soegel.de\/information\/wp-content\/uploads\/2013\/04\/Markt-der-M\u00f6glichkeiten-im-A-+-W-Bildungszentrum-S\u00f6gel.jpg 1024w\" sizes=\"auto, (max-width: 300px) 100vw, 300px\" \/><\/a><\/p>\n","protected":false},"excerpt":{"rendered":"S\u00f6gel \u2013 \u201eIch w\u00fcrde mich f\u00fcr ein Ehrenamt in der Jugendpflege entscheiden\u201c, lautete die Antwort eines Teilnehmers beim Markt der M\u00f6glichkeiten im A + W Bildungszentrum S\u00f6gel auf die Frage, welche von den angegebenen Freizeitm\u00f6glichkeiten ihm gefallen w\u00fcrden.\u00a0 Das A + W Bildungszentrum veranstaltete in Kooperation mit den sozialen Netzwerken im Landkreis Emsland einen \u201eMarkt [&hellip;]\n","protected":false},"author":2,"featured_media":0,"comment_status":"closed","ping_status":"closed","sticky":false,"template":"","format":"standard","meta":{"ngg_post_thumbnail":0,"footnotes":""},"categories":[3],"tags":[],"class_list":["post-10600","post","type-post","status-publish","format-standard","hentry","category-aktuelles-aus-der-region"],"_links":{"self":[{"href":"https:\/\/www.forum-soegel.de\/information\/wp-json\/wp\/v2\/posts\/10600","targetHints":{"allow":["GET"]}}],"collection":[{"href":"https:\/\/www.forum-soegel.de\/information\/wp-json\/wp\/v2\/posts"}],"about":[{"href":"https:\/\/www.forum-soegel.de\/information\/wp-json\/wp\/v2\/types\/post"}],"author":[{"embeddable":true,"href":"https:\/\/www.forum-soegel.de\/information\/wp-json\/wp\/v2\/users\/2"}],"replies":[{"embeddable":true,"href":"https:\/\/www.forum-soegel.de\/information\/wp-json\/wp\/v2\/comments?post=10600"}],"version-history":[{"count":1,"href":"https:\/\/www.forum-soegel.de\/information\/wp-json\/wp\/v2\/posts\/10600\/revisions"}],"predecessor-version":[{"id":10602,"href":"https:\/\/www.forum-soegel.de\/information\/wp-json\/wp\/v2\/posts\/10600\/revisions\/10602"}],"wp:attachment":[{"href":"https:\/\/www.forum-soegel.de\/information\/wp-json\/wp\/v2\/media?parent=10600"}],"wp:term":[{"taxonomy":"category","embeddable":true,"href":"https:\/\/www.forum-soegel.de\/information\/wp-json\/wp\/v2\/categories?post=10600"},{"taxonomy":"post_tag","embeddable":true,"href":"https:\/\/www.forum-soegel.de\/information\/wp-json\/wp\/v2\/tags?post=10600"}],"curies":[{"name":"wp","href":"https:\/\/api.w.org\/{rel}","templated":true}]}}