{"id":10598,"date":"2013-05-01T00:12:34","date_gmt":"2013-04-30T22:12:34","guid":{"rendered":"https:\/\/www.forum-soegel.de\/information\/?p=10598"},"modified":"2013-04-28T20:38:49","modified_gmt":"2013-04-28T18:38:49","slug":"hummling-auf-der-zielgeraden-%e2%80%93-forderperiode-2013-neigt-sich-dem-ende","status":"publish","type":"post","link":"https:\/\/www.forum-soegel.de\/information\/2013\/05\/hummling-auf-der-zielgeraden-%e2%80%93-forderperiode-2013-neigt-sich-dem-ende\/","title":{"rendered":"H\u00fcmmling auf der Zielgeraden \u2013 F\u00f6rderperiode 2013 neigt sich dem Ende"},"content":{"rendered":"<p>Seit 2007 unterst\u00fctzt die Lokale Aktionsgruppe (LAG) H\u00fcmmling erfolgreich die l\u00e4ndliche Entwicklung in den Samtgemeinden Nordh\u00fcmmling, Werlte und S\u00f6gel. In bislang \u00fcber 20 Sitzungen wurden 55 konkrete Projekte beraten und beschlossen sowie die gesetzten Ziele des Regionalen Entwicklungskonzeptes laufend \u00fcberpr\u00fcft. Eine sehr gute Zusammenarbeit ergab sich im F\u00f6rderzeitraum mit der Bewilligungsstelle LGLN Meppen sowie mit dem Landkreis Emsland. Grundlage der Arbeit der LAG H\u00fcmmling war das gemeinsam mit den H\u00fcmmlinger B\u00fcrgerinnen und B\u00fcrger erarbeitete Regionale Entwicklungskonzept (REK). Bereits hier \u2013 im Jahr 2007 \u2013 zeigte sich das hohe Engagement der Bev\u00f6lkerung. Aber auch bei sp\u00e4teren Projekten brachten sich die Bewohnerinnen und Bewohner aktiv in die Umsetzung mit ein. So sind die umgesetzten Ma\u00dfnahmen sehr gut in der Bev\u00f6lkerung verankert.<\/p>\n<p>Getragen wurde das F\u00f6rderprogramm ma\u00dfgeblich auch durch die Arbeitskreise H\u00fcmmlinger Pilgerweg, H\u00fcmmlinger Ferienpass, Heimat und Geschichte, H\u00fcmmlinger Tourismuskonzept sowie der durch Kooperationen angesto\u00dfenen Arbeitskreise Autoferienstra\u00dfe \u201eStra\u00dfe der Megalithkultur\u201c, Wanderweg \u201eH\u00fcnenweg\u201c, H\u00fcmmling Radrouten oder Wohnmobilstellpl\u00e4tze. Insgesamt ist die LAG H\u00fcmmling an 8 Kooperationsprojekten mit Nachbarregionen beteiligt. Als besonderes Projekt darf die Erweiterung der Sportschule des Kreissportbundes in S\u00f6gel genannt werden, da sich an diesem Vorhaben alle im Landkreis Emsland angesiedelten LEADER Aktionsgruppen daran finanziell mit F\u00f6rdermitteln beteiligt haben.<\/p>\n<p>Wie es mit dem EU-Programm LEADER weitergeht, ist noch unklar. Die neue F\u00f6rderperiode 2014 \u2013 2020 steht vor der T\u00fcr. Die LAG H\u00fcmmling hat die Absicht, sich dem neuen Wettbewerb zu stellen, um wiederum an dem hier sehr erfolgreich genutzten EU-Programm teilzuhaben. Aber ohne eine breite Beteiligung und Mitwirkung der Bev\u00f6lkerung bei der Erarbeitung eines neuen Regionalen Entwicklungskonzeptes ist dies nicht machbar. Sobald die Rahmenbedingungen f\u00fcr die neue F\u00f6rderphase bekannt sind, wird sich die LAG H\u00fcmmling damit besch\u00e4ftigen und einen Fahrplan f\u00fcr die Entwicklung des neuen Konzeptes erarbeiten.<\/p>\n<p>Text: Ralph Deitermann<\/p>\n","protected":false},"excerpt":{"rendered":"Seit 2007 unterst\u00fctzt die Lokale Aktionsgruppe (LAG) H\u00fcmmling erfolgreich die l\u00e4ndliche Entwicklung in den Samtgemeinden Nordh\u00fcmmling, Werlte und S\u00f6gel. In bislang \u00fcber 20 Sitzungen wurden 55 konkrete Projekte beraten und beschlossen sowie die gesetzten Ziele des Regionalen Entwicklungskonzeptes laufend \u00fcberpr\u00fcft. Eine sehr gute Zusammenarbeit ergab sich im F\u00f6rderzeitraum mit der Bewilligungsstelle LGLN Meppen sowie mit [&hellip;]\n","protected":false},"author":2,"featured_media":0,"comment_status":"closed","ping_status":"closed","sticky":false,"template":"","format":"standard","meta":{"ngg_post_thumbnail":0,"footnotes":""},"categories":[3],"tags":[],"class_list":["post-10598","post","type-post","status-publish","format-standard","hentry","category-aktuelles-aus-der-region"],"_links":{"self":[{"href":"https:\/\/www.forum-soegel.de\/information\/wp-json\/wp\/v2\/posts\/10598","targetHints":{"allow":["GET"]}}],"collection":[{"href":"https:\/\/www.forum-soegel.de\/information\/wp-json\/wp\/v2\/posts"}],"about":[{"href":"https:\/\/www.forum-soegel.de\/information\/wp-json\/wp\/v2\/types\/post"}],"author":[{"embeddable":true,"href":"https:\/\/www.forum-soegel.de\/information\/wp-json\/wp\/v2\/users\/2"}],"replies":[{"embeddable":true,"href":"https:\/\/www.forum-soegel.de\/information\/wp-json\/wp\/v2\/comments?post=10598"}],"version-history":[{"count":2,"href":"https:\/\/www.forum-soegel.de\/information\/wp-json\/wp\/v2\/posts\/10598\/revisions"}],"predecessor-version":[{"id":10615,"href":"https:\/\/www.forum-soegel.de\/information\/wp-json\/wp\/v2\/posts\/10598\/revisions\/10615"}],"wp:attachment":[{"href":"https:\/\/www.forum-soegel.de\/information\/wp-json\/wp\/v2\/media?parent=10598"}],"wp:term":[{"taxonomy":"category","embeddable":true,"href":"https:\/\/www.forum-soegel.de\/information\/wp-json\/wp\/v2\/categories?post=10598"},{"taxonomy":"post_tag","embeddable":true,"href":"https:\/\/www.forum-soegel.de\/information\/wp-json\/wp\/v2\/tags?post=10598"}],"curies":[{"name":"wp","href":"https:\/\/api.w.org\/{rel}","templated":true}]}}