{"id":10593,"date":"2013-05-01T00:09:05","date_gmt":"2013-04-30T22:09:05","guid":{"rendered":"https:\/\/www.forum-soegel.de\/information\/?p=10593"},"modified":"2013-04-28T20:12:30","modified_gmt":"2013-04-28T18:12:30","slug":"groser-preis-der-gemeinde-borger","status":"publish","type":"post","link":"https:\/\/www.forum-soegel.de\/information\/2013\/05\/groser-preis-der-gemeinde-borger\/","title":{"rendered":"Gro\u00dfer Preis der Gemeinde B\u00f6rger"},"content":{"rendered":"<p style=\"text-align: left;\" align=\"center\"><strong>Radrennen am 7. April<\/strong><\/p>\n<p>B\u00f6rger &#8211; Am Sonntag, den 7. April fand in B\u00f6rger zum dritten Mal ein Stra\u00dfenrennen statt. Auf der 13,6 km langen Runde rund um B\u00f6rger gingen alle Klassen des Radrennsports an den Start.<\/p>\n<p>Strahlender Sonnenschein bei leider etwas niedrigen Temperaturen hatten viele Radsportbegeisterte angelockt.<\/p>\n<p>Mehr als 320 Sportler aus nah und fern und vor allem aus den Niederlanden waren der Einladung des Radsports Weser-Ems gefolgt.<\/p>\n<p>Der erste Start um 10:00 Uhr begann mit den Klassen Senioren 2, U 19 und<\/p>\n<p>Senioren 3 und 4. Um 11:50 Uhr wurde dann der 2. Block mit den Rennen der Frauen, U 29 weiblich, U 17 weiblich und U17 m\u00e4nnlich gestartet. Um 13:30 Uhr ging dann der 3. Block mit den Hobbyklassen und der U15 und U13 an den Start. Um 15:00 Uhr bzw f\u00fcnf Minuten sp\u00e4ter gingen dann die letzten beiden Klassen mit der Elite KT-A-B und der Elite C \u00fcber eine Distanz von 108 bzw 96km an den Start.<\/p>\n<p>Zahlreiche Zuschauer s\u00e4umten vor allem im Zielbereich die Rennstrecke und sorgten f\u00fcr lautstarke Unterst\u00fctzung und kr\u00e4ftigen Applaus bei den Siegerehrungen.<\/p>\n<p>F\u00fcr das leibliche Wohl war mit Wurstst\u00e4nden und Getr\u00e4nkepavillons bestens gesorgt.<\/p>\n<p>Die kfd B\u00f6rger versorgte Zuschauer und Aktive im Zelt mit Kaffe, Tee und leckeren selbstgebackenen Kuchen.<\/p>\n<p>In der Hobbyklasse konnnten alle Sportler starten, die keine Lizenz \u00fcber den BDR besitzen. Es wurden dort vier verschiedene Klassen gewertet. Die Strecke ging \u00fcber 4 Runden gleich 54,4km. Auch f\u00fcr die Kleinen gab es ein Rennen \u00fcber eine Runde.<\/p>\n<p>Schnellster Starter im Hauptfeld war Geert van der Weijst vom niederl\u00e4ndischen Cyclingteam Jo Piels. Er legte die Strecke von 108,8 km in 2:31 Stunden zur\u00fcck und erreichte dabei eine Durchschnittsgeschwindigkeit von 43,2 km pro Stunde.<\/p>\n<p>Wer sich \u00fcber die genauen Ergebnisse informieren m\u00f6chte, sei auf die Internetadresse <a href=\"https:\/\/www.radsport-weser-ems.de\/\">www.radsport-weser-ems.de<\/a> verwiesen.<\/p>\n<p>Text\/Foto: Hubert Westerhoff<\/p>\n<p><a href=\"https:\/\/www.forum-soegel.de\/information\/wp-content\/uploads\/2013\/04\/Gro\u00dfer-Preis-der-Gemeinde-B\u00f6rger1.jpg\"><img loading=\"lazy\" decoding=\"async\" class=\"alignnone size-thumbnail wp-image-10594\" title=\"Gro\u00dfer Preis der Gemeinde B\u00f6rger1\" src=\"https:\/\/www.forum-soegel.de\/information\/wp-content\/uploads\/2013\/04\/Gro\u00dfer-Preis-der-Gemeinde-B\u00f6rger1-150x150.jpg\" alt=\"\" width=\"150\" height=\"150\" \/><\/a>\u00a0\u00a0<a href=\"https:\/\/www.forum-soegel.de\/information\/wp-content\/uploads\/2013\/04\/Gro\u00dfer-Preis-der-Gemeinde-B\u00f6rger2.jpg\"><img loading=\"lazy\" decoding=\"async\" class=\"alignnone size-thumbnail wp-image-10595\" title=\"Gro\u00dfer Preis der Gemeinde B\u00f6rger2\" src=\"https:\/\/www.forum-soegel.de\/information\/wp-content\/uploads\/2013\/04\/Gro\u00dfer-Preis-der-Gemeinde-B\u00f6rger2-150x150.jpg\" alt=\"\" width=\"150\" height=\"150\" \/><\/a>\u00a0\u00a0<a href=\"https:\/\/www.forum-soegel.de\/information\/wp-content\/uploads\/2013\/04\/Gro\u00dfer-Preis-der-Gemeinde-B\u00f6rger3.jpg\"><img loading=\"lazy\" decoding=\"async\" class=\"alignnone size-thumbnail wp-image-10596\" title=\"Gro\u00dfer Preis der Gemeinde B\u00f6rger3\" src=\"https:\/\/www.forum-soegel.de\/information\/wp-content\/uploads\/2013\/04\/Gro\u00dfer-Preis-der-Gemeinde-B\u00f6rger3-150x150.jpg\" alt=\"\" width=\"150\" height=\"150\" \/><\/a><\/p>\n<p>&nbsp;<\/p>\n","protected":false},"excerpt":{"rendered":"Radrennen am 7. April B\u00f6rger &#8211; Am Sonntag, den 7. April fand in B\u00f6rger zum dritten Mal ein Stra\u00dfenrennen statt. Auf der 13,6 km langen Runde rund um B\u00f6rger gingen alle Klassen des Radrennsports an den Start. Strahlender Sonnenschein bei leider etwas niedrigen Temperaturen hatten viele Radsportbegeisterte angelockt. Mehr als 320 Sportler aus nah und [&hellip;]\n","protected":false},"author":2,"featured_media":0,"comment_status":"closed","ping_status":"closed","sticky":false,"template":"","format":"standard","meta":{"ngg_post_thumbnail":0,"footnotes":""},"categories":[3],"tags":[],"class_list":["post-10593","post","type-post","status-publish","format-standard","hentry","category-aktuelles-aus-der-region"],"_links":{"self":[{"href":"https:\/\/www.forum-soegel.de\/information\/wp-json\/wp\/v2\/posts\/10593","targetHints":{"allow":["GET"]}}],"collection":[{"href":"https:\/\/www.forum-soegel.de\/information\/wp-json\/wp\/v2\/posts"}],"about":[{"href":"https:\/\/www.forum-soegel.de\/information\/wp-json\/wp\/v2\/types\/post"}],"author":[{"embeddable":true,"href":"https:\/\/www.forum-soegel.de\/information\/wp-json\/wp\/v2\/users\/2"}],"replies":[{"embeddable":true,"href":"https:\/\/www.forum-soegel.de\/information\/wp-json\/wp\/v2\/comments?post=10593"}],"version-history":[{"count":1,"href":"https:\/\/www.forum-soegel.de\/information\/wp-json\/wp\/v2\/posts\/10593\/revisions"}],"predecessor-version":[{"id":10597,"href":"https:\/\/www.forum-soegel.de\/information\/wp-json\/wp\/v2\/posts\/10593\/revisions\/10597"}],"wp:attachment":[{"href":"https:\/\/www.forum-soegel.de\/information\/wp-json\/wp\/v2\/media?parent=10593"}],"wp:term":[{"taxonomy":"category","embeddable":true,"href":"https:\/\/www.forum-soegel.de\/information\/wp-json\/wp\/v2\/categories?post=10593"},{"taxonomy":"post_tag","embeddable":true,"href":"https:\/\/www.forum-soegel.de\/information\/wp-json\/wp\/v2\/tags?post=10593"}],"curies":[{"name":"wp","href":"https:\/\/api.w.org\/{rel}","templated":true}]}}