{"id":10590,"date":"2013-05-01T00:07:13","date_gmt":"2013-04-30T22:07:13","guid":{"rendered":"https:\/\/www.forum-soegel.de\/information\/?p=10590"},"modified":"2013-04-28T20:09:01","modified_gmt":"2013-04-28T18:09:01","slug":"erstes-raddeseefest-am-5-mai","status":"publish","type":"post","link":"https:\/\/www.forum-soegel.de\/information\/2013\/05\/erstes-raddeseefest-am-5-mai\/","title":{"rendered":"Erstes Raddeseefest am 5. Mai"},"content":{"rendered":"<p align=\"center\">Angler freuen sich auf das erste Anangeln \u2013 Teichfest f\u00fcr die Bev\u00f6lkerung<\/p>\n<p>&nbsp;<\/p>\n<p>S\u00f6gel \u2013 Der Raddesee &#8211; das neue Domizil f\u00fcr den Sportfischereiverein S\u00f6gel- wird am Sonntag, dem 5. Mai, offiziell mit einem Teichfest eingeweiht. Die Petrij\u00fcnger werden zum ersten Mal am Raddesee angeln k\u00f6nnen. Morgens um 06.00 Uhr beginnt das Anangeln. Nach der Siegerehrung wird das Gew\u00e4sser im Beisein von Vertretern der politischen Gemeinde S\u00f6gel und der Kirchengemeinde um 12 Uhr eingeweiht. Hierzu und zu dem anschlie\u00dfenden Teichfest ist die gesamte Bev\u00f6lkerung herzlich eingeladen. Verschiedene Speisen und Getr\u00e4nke werden zum Mittagstisch angeboten.<\/p>\n<p>Die Gemeinde S\u00f6gel und Angelfreunde hatten den Pachtvertrag f\u00fcr die Nutzung des Raddesees bereits vor gut einem Jahr unterzeichnet. Damit erhielten die Sportfischer das Recht, das Gew\u00e4sser f\u00fcr Vereinszwecke zu nutzen. Im Gegenzug \u00fcbernehmen sie Verpflichtungen zur Unterhaltung und zur Pflege des Raddesees.<\/p>\n<p>\u201eJetzt hat der Verein eine neue Zukunftsperspektive und ein gro\u00dfes Gew\u00e4sser, das auch f\u00fcr unsere Jugendabteilung ortsnah erreichbar ist\u201c, unterstrich Bernhard Herm\u00fchlen, Vorsitzender des Sportfischereivereins. Fertiggestellt worden war das Stillgew\u00e4sser, das sich \u00fcber eine Wasserfl\u00e4che von 1,7 Hektar mit Tiefen bis gut f\u00fcnf Meter erstreckt, bereits zum Sp\u00e4therbst 2011.<\/p>\n<p>Unter dem Leitgedanken \u201eVom Acker zum See\u201c \u2013 so die \u00dcberschrift auf einer an dem See stehenden Informationstafel zu dem Projekt \u2013 war auf der zuvor landwirtschaftlich genutzten Fl\u00e4che ein Gew\u00e4sser ausgebaggert worden. Zwischenzeitlich hat sich an dem Gew\u00e4sser ein biologisches Gleichgewicht eingestellt, sodass die Vereinsmitglieder des SFV S\u00f6gel nun auch hier ihrem Hobby nachgehen k\u00f6nnen.<\/p>\n<p>Text: Ingrid Cloppenburg \/ Foto: Gemeinde S\u00f6gel<\/p>\n<div id=\"attachment_10591\" style=\"width: 310px\" class=\"wp-caption alignnone\"><a href=\"https:\/\/www.forum-soegel.de\/information\/wp-content\/uploads\/2013\/04\/Erstes-Raddeeseefest-am-5.-Mai.jpg\"><img loading=\"lazy\" decoding=\"async\" aria-describedby=\"caption-attachment-10591\" class=\"size-medium wp-image-10591\" title=\"Erstes Raddeeseefest am 5. Mai\" src=\"https:\/\/www.forum-soegel.de\/information\/wp-content\/uploads\/2013\/04\/Erstes-Raddeeseefest-am-5.-Mai-300x225.jpg\" alt=\"\" width=\"300\" height=\"225\" srcset=\"https:\/\/www.forum-soegel.de\/information\/wp-content\/uploads\/2013\/04\/Erstes-Raddeeseefest-am-5.-Mai-300x225.jpg 300w, https:\/\/www.forum-soegel.de\/information\/wp-content\/uploads\/2013\/04\/Erstes-Raddeeseefest-am-5.-Mai.jpg 1024w\" sizes=\"auto, (max-width: 300px) 100vw, 300px\" \/><\/a><p id=\"caption-attachment-10591\" class=\"wp-caption-text\">v.l. Die Vorstandsmitglieder Georg Schr\u00f6der und Bernhard Herm\u00fchlen vom Sportfischereiverein S\u00f6gel planen zur Einweihung des Raddesees am 5. Mai ein Teichfest, zudem auch die Bev\u00f6lkerung herzlich eingeladen wird.<\/p><\/div>\n<p>&nbsp;<\/p>\n","protected":false},"excerpt":{"rendered":"Angler freuen sich auf das erste Anangeln \u2013 Teichfest f\u00fcr die Bev\u00f6lkerung &nbsp; S\u00f6gel \u2013 Der Raddesee &#8211; das neue Domizil f\u00fcr den Sportfischereiverein S\u00f6gel- wird am Sonntag, dem 5. Mai, offiziell mit einem Teichfest eingeweiht. Die Petrij\u00fcnger werden zum ersten Mal am Raddesee angeln k\u00f6nnen. Morgens um 06.00 Uhr beginnt das Anangeln. Nach der [&hellip;]\n","protected":false},"author":2,"featured_media":0,"comment_status":"closed","ping_status":"closed","sticky":false,"template":"","format":"standard","meta":{"ngg_post_thumbnail":0,"footnotes":""},"categories":[3],"tags":[],"class_list":["post-10590","post","type-post","status-publish","format-standard","hentry","category-aktuelles-aus-der-region"],"_links":{"self":[{"href":"https:\/\/www.forum-soegel.de\/information\/wp-json\/wp\/v2\/posts\/10590","targetHints":{"allow":["GET"]}}],"collection":[{"href":"https:\/\/www.forum-soegel.de\/information\/wp-json\/wp\/v2\/posts"}],"about":[{"href":"https:\/\/www.forum-soegel.de\/information\/wp-json\/wp\/v2\/types\/post"}],"author":[{"embeddable":true,"href":"https:\/\/www.forum-soegel.de\/information\/wp-json\/wp\/v2\/users\/2"}],"replies":[{"embeddable":true,"href":"https:\/\/www.forum-soegel.de\/information\/wp-json\/wp\/v2\/comments?post=10590"}],"version-history":[{"count":1,"href":"https:\/\/www.forum-soegel.de\/information\/wp-json\/wp\/v2\/posts\/10590\/revisions"}],"predecessor-version":[{"id":10592,"href":"https:\/\/www.forum-soegel.de\/information\/wp-json\/wp\/v2\/posts\/10590\/revisions\/10592"}],"wp:attachment":[{"href":"https:\/\/www.forum-soegel.de\/information\/wp-json\/wp\/v2\/media?parent=10590"}],"wp:term":[{"taxonomy":"category","embeddable":true,"href":"https:\/\/www.forum-soegel.de\/information\/wp-json\/wp\/v2\/categories?post=10590"},{"taxonomy":"post_tag","embeddable":true,"href":"https:\/\/www.forum-soegel.de\/information\/wp-json\/wp\/v2\/tags?post=10590"}],"curies":[{"name":"wp","href":"https:\/\/api.w.org\/{rel}","templated":true}]}}