{"id":10586,"date":"2013-05-01T00:03:27","date_gmt":"2013-04-30T22:03:27","guid":{"rendered":"https:\/\/www.forum-soegel.de\/information\/?p=10586"},"modified":"2013-04-28T20:07:08","modified_gmt":"2013-04-28T18:07:08","slug":"%e2%80%9echance-azubi%e2%80%9c-neu-in-sogel-%e2%80%93-erste-ausbildungsborse-erfolgreich","status":"publish","type":"post","link":"https:\/\/www.forum-soegel.de\/information\/2013\/05\/%e2%80%9echance-azubi%e2%80%9c-neu-in-sogel-%e2%80%93-erste-ausbildungsborse-erfolgreich\/","title":{"rendered":"\u201eChance: Azubi\u201c neu in S\u00f6gel \u2013 erste Ausbildungsb\u00f6rse erfolgreich"},"content":{"rendered":"<p>S\u00f6gel &#8211;<strong> <\/strong>Erstmals hat sich der Verein \u201eChance: Azubi\u201c am 9. April mit einem Info-Abend in der Samtgemeinde S\u00f6gel pr\u00e4sentiert. Von 18 bis 20 Uhr haben sich Mitgliedsbetriebe in der Mensa des Schulzentrums S\u00f6gel in der Schlaunallee den Fragen zuk\u00fcnftiger Auszubildender gestellt. Die Gemeinde S\u00f6gel, der Wirtschaftsverband S\u00f6gel, die Oberschule Schule am Schloss, die Erich- K\u00e4stner- Schule und das H\u00fcmmling- Gymnasium S\u00f6gel sowie der Verein \u201eChance:Azubi\u201c zogen ein positives Res\u00fcmee: \u201eDie anwesenden Sch\u00fcler und deren Eltern\u00a0 zeigten gro\u00dfes Interesse an den Angeboten an Ausbildungsst\u00e4nden in den Betrieben. Wir wollen die Messe in regelm\u00e4\u00dfigen Abst\u00e4nden wiederholen\u201c, so Werner Kramer als Koordinator der \u201eChance: Azubi\u201c.<\/p>\n<p>Der Verein \u201eChance: Azubi\u201c hat sich die F\u00f6rderung der beruflichen Orientierung und Bildung zum Ziel gesetzt. Zun\u00e4chst als Initiative gestartet, bietet \u201eChance: Azubi&#8220; in Aurich, Emden, Leer, Papenburg und Wiesmoor mittlerweile sehr erfolgreich Info-Abende f\u00fcr Sch\u00fcler, Eltern und Lehrer rund um das Thema Ausbildung an. \u00dcber 80 Unternehmen sind dem Verein inzwischen beigetreten.<br \/>\nNeben den gro\u00dfen Ausbildungsbetrieben der Region waren vor allem auch die regionalen mittelst\u00e4ndischen Ausbildungsbetriebe angesprochen worden, sich auf dieser Messe als Ausbilder zu pr\u00e4sentieren. Davon hatten mehrere Betriebe aus S\u00f6gel und Umgebung Gebrauch gemacht. Einige Betriebe hatten ihre bereits angestellten Auszubildenden gleich mitgebracht. So wurden lockere Gespr\u00e4che zwischen den an einer Ausbildung interessierten Sch\u00fclern und den Auszubildenden gef\u00fchrt, in denen man sich \u201eauf Augenh\u00f6he\u201c \u00fcber m\u00f6gliche T\u00e4tigkeitsfelder im Betrieb austauschte.<\/p>\n<p>Text\/Foto: Ingrid Cloppenburg<\/p>\n<p><a href=\"https:\/\/www.forum-soegel.de\/information\/wp-content\/uploads\/2013\/04\/Chance-Azubi-neu-in-S\u00f6gel-erste-Ausbildungsb\u00f6rse-erfolgreich1.jpg\"><img loading=\"lazy\" decoding=\"async\" class=\"alignnone size-thumbnail wp-image-10587\" title=\"Chance Azubi neu in S\u00f6gel erste Ausbildungsb\u00f6rse erfolgreich1\" src=\"https:\/\/www.forum-soegel.de\/information\/wp-content\/uploads\/2013\/04\/Chance-Azubi-neu-in-S\u00f6gel-erste-Ausbildungsb\u00f6rse-erfolgreich1-150x150.jpg\" alt=\"\" width=\"150\" height=\"150\" \/><\/a>\u00a0\u00a0<a href=\"https:\/\/www.forum-soegel.de\/information\/wp-content\/uploads\/2013\/04\/Chance-Azubi-neu-in-S\u00f6gel-erste-Ausbildungsb\u00f6rse-erfolgreich2.jpg\"><img loading=\"lazy\" decoding=\"async\" class=\"alignnone size-thumbnail wp-image-10588\" title=\"Chance Azubi neu in S\u00f6gel erste Ausbildungsb\u00f6rse erfolgreich2\" src=\"https:\/\/www.forum-soegel.de\/information\/wp-content\/uploads\/2013\/04\/Chance-Azubi-neu-in-S\u00f6gel-erste-Ausbildungsb\u00f6rse-erfolgreich2-150x150.jpg\" alt=\"\" width=\"150\" height=\"150\" \/><\/a><\/p>\n<p>&nbsp;<\/p>\n","protected":false},"excerpt":{"rendered":"S\u00f6gel &#8211; Erstmals hat sich der Verein \u201eChance: Azubi\u201c am 9. April mit einem Info-Abend in der Samtgemeinde S\u00f6gel pr\u00e4sentiert. Von 18 bis 20 Uhr haben sich Mitgliedsbetriebe in der Mensa des Schulzentrums S\u00f6gel in der Schlaunallee den Fragen zuk\u00fcnftiger Auszubildender gestellt. Die Gemeinde S\u00f6gel, der Wirtschaftsverband S\u00f6gel, die Oberschule Schule am Schloss, die Erich- [&hellip;]\n","protected":false},"author":2,"featured_media":0,"comment_status":"closed","ping_status":"closed","sticky":false,"template":"","format":"standard","meta":{"ngg_post_thumbnail":0,"footnotes":""},"categories":[3],"tags":[],"class_list":["post-10586","post","type-post","status-publish","format-standard","hentry","category-aktuelles-aus-der-region"],"_links":{"self":[{"href":"https:\/\/www.forum-soegel.de\/information\/wp-json\/wp\/v2\/posts\/10586","targetHints":{"allow":["GET"]}}],"collection":[{"href":"https:\/\/www.forum-soegel.de\/information\/wp-json\/wp\/v2\/posts"}],"about":[{"href":"https:\/\/www.forum-soegel.de\/information\/wp-json\/wp\/v2\/types\/post"}],"author":[{"embeddable":true,"href":"https:\/\/www.forum-soegel.de\/information\/wp-json\/wp\/v2\/users\/2"}],"replies":[{"embeddable":true,"href":"https:\/\/www.forum-soegel.de\/information\/wp-json\/wp\/v2\/comments?post=10586"}],"version-history":[{"count":1,"href":"https:\/\/www.forum-soegel.de\/information\/wp-json\/wp\/v2\/posts\/10586\/revisions"}],"predecessor-version":[{"id":10589,"href":"https:\/\/www.forum-soegel.de\/information\/wp-json\/wp\/v2\/posts\/10586\/revisions\/10589"}],"wp:attachment":[{"href":"https:\/\/www.forum-soegel.de\/information\/wp-json\/wp\/v2\/media?parent=10586"}],"wp:term":[{"taxonomy":"category","embeddable":true,"href":"https:\/\/www.forum-soegel.de\/information\/wp-json\/wp\/v2\/categories?post=10586"},{"taxonomy":"post_tag","embeddable":true,"href":"https:\/\/www.forum-soegel.de\/information\/wp-json\/wp\/v2\/tags?post=10586"}],"curies":[{"name":"wp","href":"https:\/\/api.w.org\/{rel}","templated":true}]}}