{"id":10581,"date":"2013-05-01T00:58:31","date_gmt":"2013-04-30T22:58:31","guid":{"rendered":"https:\/\/www.forum-soegel.de\/information\/?p=10581"},"modified":"2013-04-28T20:03:16","modified_gmt":"2013-04-28T18:03:16","slug":"150-jahre-freiwillige-feuerwehr-sogel-ausstellungseroffnung","status":"publish","type":"post","link":"https:\/\/www.forum-soegel.de\/information\/2013\/05\/150-jahre-freiwillige-feuerwehr-sogel-ausstellungseroffnung\/","title":{"rendered":"150 Jahre freiwillige Feuerwehr S\u00f6gel &#8211; Ausstellungser\u00f6ffnung"},"content":{"rendered":"<p><a href=\"https:\/\/www.forum-soegel.de\/information\/wp-content\/uploads\/2013\/04\/150-Jahre-freiwillige-Feuerwehr-S\u00f6gel-Ausstellungser\u00f6ffnung21.jpg\"><img loading=\"lazy\" decoding=\"async\" class=\"alignleft size-medium wp-image-10584\" title=\"150 Jahre freiwillige Feuerwehr S\u00f6gel - Ausstellungser\u00f6ffnung2\" src=\"https:\/\/www.forum-soegel.de\/information\/wp-content\/uploads\/2013\/04\/150-Jahre-freiwillige-Feuerwehr-S\u00f6gel-Ausstellungser\u00f6ffnung21-300x225.jpg\" alt=\"\" width=\"300\" height=\"225\" srcset=\"https:\/\/www.forum-soegel.de\/information\/wp-content\/uploads\/2013\/04\/150-Jahre-freiwillige-Feuerwehr-S\u00f6gel-Ausstellungser\u00f6ffnung21-300x225.jpg 300w, https:\/\/www.forum-soegel.de\/information\/wp-content\/uploads\/2013\/04\/150-Jahre-freiwillige-Feuerwehr-S\u00f6gel-Ausstellungser\u00f6ffnung21.jpg 1024w\" sizes=\"auto, (max-width: 300px) 100vw, 300px\" \/><\/a>Mit der feierlichen Ausstellungser\u00f6ffnung im Rathaus l\u00e4utete die freiwillige Feuerwehr S\u00f6gel am 10. April die Jubil\u00e4umsfeierlichkeiten zu ihrem 150- j\u00e4hrigen Bestehen ein.<\/p>\n<p>\u201eWie war das vor 1863 &#8211; also ohne Feuerwehr in S\u00f6gel,\u201c fragte der Samtgemeindeb\u00fcrgermeister G\u00fcnter Wigbers in seiner Begr\u00fc\u00dfungsrede, \u00a0\u201eund was hat sich seitdem ge\u00e4ndert?\u201c<\/p>\n<p>Wigbers dankte den anwesenden Feuerwehrkameraden\u00a0 und zollte ihnen Respekt f\u00fcr ihre Lebenshaltung, man kann auch Gesinnung sagen, denn das ist am Ende der Feuerwehrdienst.<\/p>\n<p>Anschlie\u00dfend ging Ortsbrandmeister Frank Tholen ein wenig auf die technische Entwicklung der S\u00f6geler Feuerwehr ein und unterstrich: \u201eEimer und Handpumpe ist nicht mehr.\u201c<\/p>\n<p>Es ist die Weiterentwicklung der technischen Ausr\u00fcstung und das Ausma\u00df der Eins\u00e4tze bei Unf\u00e4llen und Br\u00e4nden, welche von den ehrenamtlich t\u00e4tigen Frauen und M\u00e4nnern der Feuerwehr ein hohes Ma\u00df an Konzentration sowie k\u00f6rperlicher und emotionaler Kraft erfordert.<\/p>\n<p>Tholen bekr\u00e4ftigte die erfolgreiche Entwicklung mit dem Hinweis auf einen uneingeschr\u00e4nkten Teamgeist in der Feuerwehrmannschaft.<\/p>\n<p>Als Festredner stellte Regierungsbrandmeister Karl-Heinz Schwarz noch einmal sehr ausf\u00fchrlich die landesweite Bedeutung der freiwilligen Feuerwehren in den Fokus seiner Betrachtungen.<\/p>\n<p>Schwarz ging dabei auch auf die Arbeit der Jugendfeuerwehr ein, der auch in S\u00f6gel gro\u00dfe Aufmerksamkeit gewidmet wird.<\/p>\n<p>Die Arbeit der\u00a0 M\u00e4dchen und Jungen f\u00f6rdert nicht zuletzt eine hohe soziale Kompetenz.<\/p>\n<p>Die hochinteressante Ausstellung wurde mit der tatkr\u00e4ftigen Unterst\u00fctzung vieler Kameradinnen und Kameraden der Freiw. Feuerwehr und dem medienerfahrenen \u00a0Hermann Wichmann vom Forum S\u00f6gel erstellt.<\/p>\n<p>Die Ausstellung verweilt bis zum 9. Mai im S\u00f6geler Rathaus und kann w\u00e4hrend der \u00fcblichen \u00d6ffnungszeiten besichtigt werden. Zus\u00e4tzliche Besichtigungen au\u00dferhalb der Dienstzeiten sind m\u00f6glich in Absprache mit Frank Tholen (Tel.: 05952-206125)und Lambert Brand (Tel.: 05952-98781).<\/p>\n<p>Text\/Foto: Klaus Sch\u00e4ffner<\/p>\n<div id=\"attachment_10582\" style=\"width: 310px\" class=\"wp-caption alignnone\"><a href=\"https:\/\/www.forum-soegel.de\/information\/wp-content\/uploads\/2013\/04\/150-Jahre-freiwillige-Feuerwehr-S\u00f6gel-Ausstellungser\u00f6ffnung.jpg\"><img loading=\"lazy\" decoding=\"async\" aria-describedby=\"caption-attachment-10582\" class=\"size-medium wp-image-10582\" title=\"150 Jahre freiwillige Feuerwehr S\u00f6gel - Ausstellungser\u00f6ffnung\" src=\"https:\/\/www.forum-soegel.de\/information\/wp-content\/uploads\/2013\/04\/150-Jahre-freiwillige-Feuerwehr-S\u00f6gel-Ausstellungser\u00f6ffnung-300x187.jpg\" alt=\"\" width=\"300\" height=\"187\" srcset=\"https:\/\/www.forum-soegel.de\/information\/wp-content\/uploads\/2013\/04\/150-Jahre-freiwillige-Feuerwehr-S\u00f6gel-Ausstellungser\u00f6ffnung-300x187.jpg 300w, https:\/\/www.forum-soegel.de\/information\/wp-content\/uploads\/2013\/04\/150-Jahre-freiwillige-Feuerwehr-S\u00f6gel-Ausstellungser\u00f6ffnung.jpg 1024w\" sizes=\"auto, (max-width: 300px) 100vw, 300px\" \/><\/a><p id=\"caption-attachment-10582\" class=\"wp-caption-text\">v.l. Lambert Brand, 1. stellv. Ortsbrandmeister, G\u00fcnter Wigbers, SG-B\u00fcrgermeister, Frank Tholen, Ortsbrandmeister, Anton L\u00fcken, Vorsitzender Kreisfeuerwehrverband Aschendorf-H\u00fcmmling, Karl-Heinz Schwarz, Regierungsbrandmeister, Hermann Weller, 2.stellv. Ortsbrandmeister und Gemeindebrandmeister, Bernd Eggert und Hermann Wichmann, Vorstand Forum S\u00f6gel<\/p><\/div>\n","protected":false},"excerpt":{"rendered":"Mit der feierlichen Ausstellungser\u00f6ffnung im Rathaus l\u00e4utete die freiwillige Feuerwehr S\u00f6gel am 10. April die Jubil\u00e4umsfeierlichkeiten zu ihrem 150- j\u00e4hrigen Bestehen ein. \u201eWie war das vor 1863 &#8211; also ohne Feuerwehr in S\u00f6gel,\u201c fragte der Samtgemeindeb\u00fcrgermeister G\u00fcnter Wigbers in seiner Begr\u00fc\u00dfungsrede, \u00a0\u201eund was hat sich seitdem ge\u00e4ndert?\u201c Wigbers dankte den anwesenden Feuerwehrkameraden\u00a0 und zollte ihnen [&hellip;]\n","protected":false},"author":2,"featured_media":0,"comment_status":"closed","ping_status":"closed","sticky":false,"template":"","format":"standard","meta":{"ngg_post_thumbnail":0,"footnotes":""},"categories":[3],"tags":[],"class_list":["post-10581","post","type-post","status-publish","format-standard","hentry","category-aktuelles-aus-der-region"],"_links":{"self":[{"href":"https:\/\/www.forum-soegel.de\/information\/wp-json\/wp\/v2\/posts\/10581","targetHints":{"allow":["GET"]}}],"collection":[{"href":"https:\/\/www.forum-soegel.de\/information\/wp-json\/wp\/v2\/posts"}],"about":[{"href":"https:\/\/www.forum-soegel.de\/information\/wp-json\/wp\/v2\/types\/post"}],"author":[{"embeddable":true,"href":"https:\/\/www.forum-soegel.de\/information\/wp-json\/wp\/v2\/users\/2"}],"replies":[{"embeddable":true,"href":"https:\/\/www.forum-soegel.de\/information\/wp-json\/wp\/v2\/comments?post=10581"}],"version-history":[{"count":1,"href":"https:\/\/www.forum-soegel.de\/information\/wp-json\/wp\/v2\/posts\/10581\/revisions"}],"predecessor-version":[{"id":10585,"href":"https:\/\/www.forum-soegel.de\/information\/wp-json\/wp\/v2\/posts\/10581\/revisions\/10585"}],"wp:attachment":[{"href":"https:\/\/www.forum-soegel.de\/information\/wp-json\/wp\/v2\/media?parent=10581"}],"wp:term":[{"taxonomy":"category","embeddable":true,"href":"https:\/\/www.forum-soegel.de\/information\/wp-json\/wp\/v2\/categories?post=10581"},{"taxonomy":"post_tag","embeddable":true,"href":"https:\/\/www.forum-soegel.de\/information\/wp-json\/wp\/v2\/tags?post=10581"}],"curies":[{"name":"wp","href":"https:\/\/api.w.org\/{rel}","templated":true}]}}