{"id":10447,"date":"2013-04-01T00:58:03","date_gmt":"2013-03-31T22:58:03","guid":{"rendered":"https:\/\/www.forum-soegel.de\/information\/?p=10447"},"modified":"2013-03-29T14:59:02","modified_gmt":"2013-03-29T13:59:02","slug":"die-klasse-4-der-grundschule-st-johannes-besucht-die-geschichtswerkstatt-in-sogel","status":"publish","type":"post","link":"https:\/\/www.forum-soegel.de\/information\/2013\/04\/die-klasse-4-der-grundschule-st-johannes-besucht-die-geschichtswerkstatt-in-sogel\/","title":{"rendered":"Die Klasse 4 der Grundschule St. Johannes besucht die Geschichtswerkstatt in S\u00f6gel"},"content":{"rendered":"<p>Spahnharrenst\u00e4tte &#8211; Wir waren am 14. Februar 2013 von ca. 8.45 Uhr bis 10.15 Uhr zu Besuch in der Geschichtswerkstatt S\u00f6gel. Unsere Klasse wurde in drei Gruppen aufgeteilt, weil die Geschichtswerkstatt in drei Bereiche aufgeteilt ist. Im ersten Raum erz\u00e4hlte man uns \u00fcber Wald, Ackerbau, Viehzucht und wof\u00fcr die einzelnen Sachen verwendet wurden; z. B. wurde Schafswolle f\u00fcr Kleidung benutzt.Im zweiten Raum befand sich die Bibliothek, wo es eine Steckwand gab. Hier hatten wir f\u00fcnf Minuten Zeit, um so viele W\u00f6rter wie m\u00f6glich zu stecken.Im dritten Raum berichtete man uns, wie die Menschen mit ihren Tieren in einem Haus gelebt haben. Wir durften auch einen kleinen Teil vom Haus mit H\u00f6lzern zusammenstecken. Jede Gruppe musste in den Bereichen Fragen beantworten und Punkte sammeln und bekam am Ende eine Urkunde. Diese Urkunden haben wir in der Schule aufgeh\u00e4ngt.<\/p>\n<p>Text\/Foto: Ren\u00e9 Jansen, Christine Sanders, Anna Lager<\/p>\n<p><a href=\"https:\/\/www.forum-soegel.de\/information\/wp-content\/uploads\/2013\/03\/Die-Klasse-4-der-Grundschule-St.-Johannes-besucht-die-Geschichtswerkstatt-in-S\u00f6gel1.jpg\"><img loading=\"lazy\" decoding=\"async\" class=\"alignnone size-medium wp-image-10448\" title=\"Die Klasse 4 der Grundschule St. Johannes besucht die Geschichtswerkstatt in S\u00f6gel1\" src=\"https:\/\/www.forum-soegel.de\/information\/wp-content\/uploads\/2013\/03\/Die-Klasse-4-der-Grundschule-St.-Johannes-besucht-die-Geschichtswerkstatt-in-S\u00f6gel1-300x225.jpg\" alt=\"\" width=\"300\" height=\"225\" srcset=\"https:\/\/www.forum-soegel.de\/information\/wp-content\/uploads\/2013\/03\/Die-Klasse-4-der-Grundschule-St.-Johannes-besucht-die-Geschichtswerkstatt-in-S\u00f6gel1-300x225.jpg 300w, https:\/\/www.forum-soegel.de\/information\/wp-content\/uploads\/2013\/03\/Die-Klasse-4-der-Grundschule-St.-Johannes-besucht-die-Geschichtswerkstatt-in-S\u00f6gel1.jpg 1024w\" sizes=\"auto, (max-width: 300px) 100vw, 300px\" \/><\/a><\/p>\n","protected":false},"excerpt":{"rendered":"Spahnharrenst\u00e4tte &#8211; Wir waren am 14. Februar 2013 von ca. 8.45 Uhr bis 10.15 Uhr zu Besuch in der Geschichtswerkstatt S\u00f6gel. Unsere Klasse wurde in drei Gruppen aufgeteilt, weil die Geschichtswerkstatt in drei Bereiche aufgeteilt ist. Im ersten Raum erz\u00e4hlte man uns \u00fcber Wald, Ackerbau, Viehzucht und wof\u00fcr die einzelnen Sachen verwendet wurden; z. B. [&hellip;]\n","protected":false},"author":2,"featured_media":0,"comment_status":"closed","ping_status":"closed","sticky":false,"template":"","format":"standard","meta":{"ngg_post_thumbnail":0,"footnotes":""},"categories":[6],"tags":[],"class_list":["post-10447","post","type-post","status-publish","format-standard","hentry","category-aus-der-schule-geplaudert"],"_links":{"self":[{"href":"https:\/\/www.forum-soegel.de\/information\/wp-json\/wp\/v2\/posts\/10447","targetHints":{"allow":["GET"]}}],"collection":[{"href":"https:\/\/www.forum-soegel.de\/information\/wp-json\/wp\/v2\/posts"}],"about":[{"href":"https:\/\/www.forum-soegel.de\/information\/wp-json\/wp\/v2\/types\/post"}],"author":[{"embeddable":true,"href":"https:\/\/www.forum-soegel.de\/information\/wp-json\/wp\/v2\/users\/2"}],"replies":[{"embeddable":true,"href":"https:\/\/www.forum-soegel.de\/information\/wp-json\/wp\/v2\/comments?post=10447"}],"version-history":[{"count":1,"href":"https:\/\/www.forum-soegel.de\/information\/wp-json\/wp\/v2\/posts\/10447\/revisions"}],"predecessor-version":[{"id":10449,"href":"https:\/\/www.forum-soegel.de\/information\/wp-json\/wp\/v2\/posts\/10447\/revisions\/10449"}],"wp:attachment":[{"href":"https:\/\/www.forum-soegel.de\/information\/wp-json\/wp\/v2\/media?parent=10447"}],"wp:term":[{"taxonomy":"category","embeddable":true,"href":"https:\/\/www.forum-soegel.de\/information\/wp-json\/wp\/v2\/categories?post=10447"},{"taxonomy":"post_tag","embeddable":true,"href":"https:\/\/www.forum-soegel.de\/information\/wp-json\/wp\/v2\/tags?post=10447"}],"curies":[{"name":"wp","href":"https:\/\/api.w.org\/{rel}","templated":true}]}}