{"id":1030,"date":"2010-03-16T10:43:10","date_gmt":"2010-03-16T08:43:10","guid":{"rendered":"https:\/\/www.forum-soegel.de\/information\/?p=1030"},"modified":"2010-03-16T10:43:10","modified_gmt":"2010-03-16T08:43:10","slug":"fallung-von-baumen","status":"publish","type":"post","link":"https:\/\/www.forum-soegel.de\/information\/2010\/03\/fallung-von-baumen\/","title":{"rendered":"F\u00e4llung von B\u00e4umen"},"content":{"rendered":"<p>Die F\u00e4llung eines Fichtenbestandes am Kreisverkehrsplatz Ber\u00dfener Stra\u00dfe einschlie\u00dflich der forst\u00fcblichen Fl\u00e4chenr\u00e4umung wurde vorgenommen, um eine Bebauung f\u00fcr Gewerbebetriebe zu erm\u00f6glichen.<\/p>\n","protected":false},"excerpt":{"rendered":"Die F\u00e4llung eines Fichtenbestandes am Kreisverkehrsplatz Ber\u00dfener Stra\u00dfe einschlie\u00dflich der forst\u00fcblichen Fl\u00e4chenr\u00e4umung wurde vorgenommen, um eine Bebauung f\u00fcr Gewerbebetriebe zu erm\u00f6glichen.\n","protected":false},"author":2,"featured_media":0,"comment_status":"closed","ping_status":"closed","sticky":false,"template":"","format":"standard","meta":{"ngg_post_thumbnail":0,"footnotes":""},"categories":[10],"tags":[],"class_list":["post-1030","post","type-post","status-publish","format-standard","hentry","category-rat-und-verwaltung-informieren"],"_links":{"self":[{"href":"https:\/\/www.forum-soegel.de\/information\/wp-json\/wp\/v2\/posts\/1030","targetHints":{"allow":["GET"]}}],"collection":[{"href":"https:\/\/www.forum-soegel.de\/information\/wp-json\/wp\/v2\/posts"}],"about":[{"href":"https:\/\/www.forum-soegel.de\/information\/wp-json\/wp\/v2\/types\/post"}],"author":[{"embeddable":true,"href":"https:\/\/www.forum-soegel.de\/information\/wp-json\/wp\/v2\/users\/2"}],"replies":[{"embeddable":true,"href":"https:\/\/www.forum-soegel.de\/information\/wp-json\/wp\/v2\/comments?post=1030"}],"version-history":[{"count":1,"href":"https:\/\/www.forum-soegel.de\/information\/wp-json\/wp\/v2\/posts\/1030\/revisions"}],"predecessor-version":[{"id":1031,"href":"https:\/\/www.forum-soegel.de\/information\/wp-json\/wp\/v2\/posts\/1030\/revisions\/1031"}],"wp:attachment":[{"href":"https:\/\/www.forum-soegel.de\/information\/wp-json\/wp\/v2\/media?parent=1030"}],"wp:term":[{"taxonomy":"category","embeddable":true,"href":"https:\/\/www.forum-soegel.de\/information\/wp-json\/wp\/v2\/categories?post=1030"},{"taxonomy":"post_tag","embeddable":true,"href":"https:\/\/www.forum-soegel.de\/information\/wp-json\/wp\/v2\/tags?post=1030"}],"curies":[{"name":"wp","href":"https:\/\/api.w.org\/{rel}","templated":true}]}}