{"id":1028,"date":"2010-03-16T10:42:16","date_gmt":"2010-03-16T08:42:16","guid":{"rendered":"https:\/\/www.forum-soegel.de\/information\/?p=1028"},"modified":"2010-03-16T10:42:16","modified_gmt":"2010-03-16T08:42:16","slug":"neubau-raiffeisenbank","status":"publish","type":"post","link":"https:\/\/www.forum-soegel.de\/information\/2010\/03\/neubau-raiffeisenbank\/","title":{"rendered":"Neubau Raiffeisenbank"},"content":{"rendered":"<p>Die Raiffeisenbank Emsland-Mitte plant im S\u00f6geler Ortskern gegen\u00fcber des Lidl-Marktes ein neues Bankgeb\u00e4ude zu errichten. Vertreter der Gemeinde f\u00fchren gegenw\u00e4rtig noch Verhandlungen mit dem Bankvorstand und der Lidl-Gesch\u00e4ftsf\u00fchrung, um die Planungen zur Neuregelung der Verkehrsf\u00fchrung im dortigen Bereich zu optimieren. Ein in Wallenhorst ans\u00e4ssiges Planungsb\u00fcro ist von der Gemeinde beauftragt worden, Vorschl\u00e4ge zu erarbeiten, die auch Varianten beinhalten soll, um m\u00f6glichst die Ampelanlage im Kreuzungsbereich Clemens-August-Stra\u00dfe abbauen zu k\u00f6nnen. Erst nach Abschluss der kommunalen Planungen ergibt sich ein exakter Grundst\u00fcckszuschnitt f\u00fcr die Raiffeisenbank Emsland-Mitte. Anschlie\u00dfend soll f\u00fcr das neue Bankgeb\u00e4ude ein Architektenwettbewerb starten<\/p>\n","protected":false},"excerpt":{"rendered":"Die Raiffeisenbank Emsland-Mitte plant im S\u00f6geler Ortskern gegen\u00fcber des Lidl-Marktes ein neues Bankgeb\u00e4ude zu errichten. Vertreter der Gemeinde f\u00fchren gegenw\u00e4rtig noch Verhandlungen mit dem Bankvorstand und der Lidl-Gesch\u00e4ftsf\u00fchrung, um die Planungen zur Neuregelung der Verkehrsf\u00fchrung im dortigen Bereich zu optimieren. Ein in Wallenhorst ans\u00e4ssiges Planungsb\u00fcro ist von der Gemeinde beauftragt worden, Vorschl\u00e4ge zu erarbeiten, die [&hellip;]\n","protected":false},"author":2,"featured_media":0,"comment_status":"closed","ping_status":"closed","sticky":false,"template":"","format":"standard","meta":{"ngg_post_thumbnail":0,"footnotes":""},"categories":[10],"tags":[204,203],"class_list":["post-1028","post","type-post","status-publish","format-standard","hentry","category-rat-und-verwaltung-informieren","tag-neubau","tag-raiffeisenbank"],"_links":{"self":[{"href":"https:\/\/www.forum-soegel.de\/information\/wp-json\/wp\/v2\/posts\/1028","targetHints":{"allow":["GET"]}}],"collection":[{"href":"https:\/\/www.forum-soegel.de\/information\/wp-json\/wp\/v2\/posts"}],"about":[{"href":"https:\/\/www.forum-soegel.de\/information\/wp-json\/wp\/v2\/types\/post"}],"author":[{"embeddable":true,"href":"https:\/\/www.forum-soegel.de\/information\/wp-json\/wp\/v2\/users\/2"}],"replies":[{"embeddable":true,"href":"https:\/\/www.forum-soegel.de\/information\/wp-json\/wp\/v2\/comments?post=1028"}],"version-history":[{"count":1,"href":"https:\/\/www.forum-soegel.de\/information\/wp-json\/wp\/v2\/posts\/1028\/revisions"}],"predecessor-version":[{"id":1029,"href":"https:\/\/www.forum-soegel.de\/information\/wp-json\/wp\/v2\/posts\/1028\/revisions\/1029"}],"wp:attachment":[{"href":"https:\/\/www.forum-soegel.de\/information\/wp-json\/wp\/v2\/media?parent=1028"}],"wp:term":[{"taxonomy":"category","embeddable":true,"href":"https:\/\/www.forum-soegel.de\/information\/wp-json\/wp\/v2\/categories?post=1028"},{"taxonomy":"post_tag","embeddable":true,"href":"https:\/\/www.forum-soegel.de\/information\/wp-json\/wp\/v2\/tags?post=1028"}],"curies":[{"name":"wp","href":"https:\/\/api.w.org\/{rel}","templated":true}]}}