{"id":1024,"date":"2010-03-16T10:40:21","date_gmt":"2010-03-16T08:40:21","guid":{"rendered":"https:\/\/www.forum-soegel.de\/information\/?p=1024"},"modified":"2010-03-16T10:40:21","modified_gmt":"2010-03-16T08:40:21","slug":"umfeldgestaltung-bei-der-arche-noah","status":"publish","type":"post","link":"https:\/\/www.forum-soegel.de\/information\/2010\/03\/umfeldgestaltung-bei-der-arche-noah\/","title":{"rendered":"Umfeldgestaltung bei der Arche Noah"},"content":{"rendered":"<p>Um die Parkplatzsituation und den laufenden Verkehr im Bereich der Kindertagesst\u00e4tte \u201eArche Noah\u201c in der von-Steuben-Stra\u00dfe zu verbessern, sind im Eingangsbereich des Kindergartens neue Parkpl\u00e4tze entstanden. Auch der Eingangsbereich wird jetzt neu und vor allem behindertengerecht gestaltet. Im Rahmen einer Qualifizierungs- und Besch\u00e4ftigungsma\u00dfnahme sollen auf der westlichen Seite des Grundst\u00fcckes der Kindertagesst\u00e4tte \u201eArche Noah\u201c die Au\u00dfenanlagen in K\u00fcrze hergestellt.<\/p>\n","protected":false},"excerpt":{"rendered":"Um die Parkplatzsituation und den laufenden Verkehr im Bereich der Kindertagesst\u00e4tte \u201eArche Noah\u201c in der von-Steuben-Stra\u00dfe zu verbessern, sind im Eingangsbereich des Kindergartens neue Parkpl\u00e4tze entstanden. Auch der Eingangsbereich wird jetzt neu und vor allem behindertengerecht gestaltet. Im Rahmen einer Qualifizierungs- und Besch\u00e4ftigungsma\u00dfnahme sollen auf der westlichen Seite des Grundst\u00fcckes der Kindertagesst\u00e4tte \u201eArche Noah\u201c die [&hellip;]\n","protected":false},"author":2,"featured_media":0,"comment_status":"closed","ping_status":"closed","sticky":false,"template":"","format":"standard","meta":{"ngg_post_thumbnail":0,"footnotes":""},"categories":[10],"tags":[85,200],"class_list":["post-1024","post","type-post","status-publish","format-standard","hentry","category-rat-und-verwaltung-informieren","tag-arche-noah","tag-kindertagesstatte"],"_links":{"self":[{"href":"https:\/\/www.forum-soegel.de\/information\/wp-json\/wp\/v2\/posts\/1024","targetHints":{"allow":["GET"]}}],"collection":[{"href":"https:\/\/www.forum-soegel.de\/information\/wp-json\/wp\/v2\/posts"}],"about":[{"href":"https:\/\/www.forum-soegel.de\/information\/wp-json\/wp\/v2\/types\/post"}],"author":[{"embeddable":true,"href":"https:\/\/www.forum-soegel.de\/information\/wp-json\/wp\/v2\/users\/2"}],"replies":[{"embeddable":true,"href":"https:\/\/www.forum-soegel.de\/information\/wp-json\/wp\/v2\/comments?post=1024"}],"version-history":[{"count":1,"href":"https:\/\/www.forum-soegel.de\/information\/wp-json\/wp\/v2\/posts\/1024\/revisions"}],"predecessor-version":[{"id":1025,"href":"https:\/\/www.forum-soegel.de\/information\/wp-json\/wp\/v2\/posts\/1024\/revisions\/1025"}],"wp:attachment":[{"href":"https:\/\/www.forum-soegel.de\/information\/wp-json\/wp\/v2\/media?parent=1024"}],"wp:term":[{"taxonomy":"category","embeddable":true,"href":"https:\/\/www.forum-soegel.de\/information\/wp-json\/wp\/v2\/categories?post=1024"},{"taxonomy":"post_tag","embeddable":true,"href":"https:\/\/www.forum-soegel.de\/information\/wp-json\/wp\/v2\/tags?post=1024"}],"curies":[{"name":"wp","href":"https:\/\/api.w.org\/{rel}","templated":true}]}}