{"id":1022,"date":"2010-03-16T10:39:09","date_gmt":"2010-03-16T08:39:09","guid":{"rendered":"https:\/\/www.forum-soegel.de\/information\/?p=1022"},"modified":"2010-03-16T10:39:09","modified_gmt":"2010-03-16T08:39:09","slug":"auslegung-von-bebauungsplanen","status":"publish","type":"post","link":"https:\/\/www.forum-soegel.de\/information\/2010\/03\/auslegung-von-bebauungsplanen\/","title":{"rendered":"Auslegung von Bebauungspl\u00e4nen"},"content":{"rendered":"<p>Die Entw\u00fcrfe der nachstehenden Bebauungspl\u00e4ne mit Begr\u00fcndungen etc. werden derzeit \u00f6ffentlich ausgelegt:<\/p>\n<p>Bebauungsplan Nr. 65 \u201eBer\u00dfener Stra\u00dfe\u201c<\/p>\n<p>Bebauungsplan Nr. 66 \u201eWohnen mit Pferden\u201c<\/p>\n<p>Bebauungsplan Nr. 45 \u201eAm Markt \/ Am Pohlkamp\u201c, 1. \u00c4nderung<\/p>\n","protected":false},"excerpt":{"rendered":"Die Entw\u00fcrfe der nachstehenden Bebauungspl\u00e4ne mit Begr\u00fcndungen etc. werden derzeit \u00f6ffentlich ausgelegt: Bebauungsplan Nr. 65 \u201eBer\u00dfener Stra\u00dfe\u201c Bebauungsplan Nr. 66 \u201eWohnen mit Pferden\u201c Bebauungsplan Nr. 45 \u201eAm Markt \/ Am Pohlkamp\u201c, 1. \u00c4nderung\n","protected":false},"author":2,"featured_media":0,"comment_status":"closed","ping_status":"closed","sticky":false,"template":"","format":"standard","meta":{"ngg_post_thumbnail":0,"footnotes":""},"categories":[10],"tags":[83],"class_list":["post-1022","post","type-post","status-publish","format-standard","hentry","category-rat-und-verwaltung-informieren","tag-bebauungsplan"],"_links":{"self":[{"href":"https:\/\/www.forum-soegel.de\/information\/wp-json\/wp\/v2\/posts\/1022","targetHints":{"allow":["GET"]}}],"collection":[{"href":"https:\/\/www.forum-soegel.de\/information\/wp-json\/wp\/v2\/posts"}],"about":[{"href":"https:\/\/www.forum-soegel.de\/information\/wp-json\/wp\/v2\/types\/post"}],"author":[{"embeddable":true,"href":"https:\/\/www.forum-soegel.de\/information\/wp-json\/wp\/v2\/users\/2"}],"replies":[{"embeddable":true,"href":"https:\/\/www.forum-soegel.de\/information\/wp-json\/wp\/v2\/comments?post=1022"}],"version-history":[{"count":1,"href":"https:\/\/www.forum-soegel.de\/information\/wp-json\/wp\/v2\/posts\/1022\/revisions"}],"predecessor-version":[{"id":1023,"href":"https:\/\/www.forum-soegel.de\/information\/wp-json\/wp\/v2\/posts\/1022\/revisions\/1023"}],"wp:attachment":[{"href":"https:\/\/www.forum-soegel.de\/information\/wp-json\/wp\/v2\/media?parent=1022"}],"wp:term":[{"taxonomy":"category","embeddable":true,"href":"https:\/\/www.forum-soegel.de\/information\/wp-json\/wp\/v2\/categories?post=1022"},{"taxonomy":"post_tag","embeddable":true,"href":"https:\/\/www.forum-soegel.de\/information\/wp-json\/wp\/v2\/tags?post=1022"}],"curies":[{"name":"wp","href":"https:\/\/api.w.org\/{rel}","templated":true}]}}