{"id":1002,"date":"2010-03-16T10:20:21","date_gmt":"2010-03-16T08:20:21","guid":{"rendered":"https:\/\/www.forum-soegel.de\/information\/?p=1002"},"modified":"2010-04-02T14:39:45","modified_gmt":"2010-04-02T12:39:45","slug":"neue-musikalische-leiterin-beim-singkreis-sogel","status":"publish","type":"post","link":"https:\/\/www.forum-soegel.de\/information\/2010\/03\/neue-musikalische-leiterin-beim-singkreis-sogel\/","title":{"rendered":"Neue musikalische Leiterin beim Singkreis S\u00f6gel"},"content":{"rendered":"<p>Anl\u00e4sslich der Jahreshauptversammlung des Singkreis S\u00f6gel im Januar dieses Jahres, \u00fcbergab Walburga Kohnen die musikalische Leitung an Stefanie Schmidt. ( wir berichteten dar\u00fcber )<\/p>\n<p>Mit Schmidt, die im Hauptberuf als Referentin in der Jugendbildungsst\u00e4tte Marstall Clemenswerth arbeitet hat, so Walburger Kohnen, der Singkreis nach langer Suche eine junge, dynamische Nachfolgerin als Dirigentin gefunden.<\/p>\n<p>In ihrer Antrittsrede k\u00fcndigte Stefanie Schmidt an, im Einklang mit den Choristen auch neues ausprobieren zu wollen. So sollen unter dem Thema \u201eSommernachtstraum\u201c entsprechende Chors\u00e4tze einstudiert werden. Auch um Kompositionen, wie beispielsweise\u00a0 von Georg Gershwin, gesungen in englischer Sprache, soll das Repertoire erweitert werden.<\/p>\n<p>Sie sei, so Schmidt offen f\u00fcr W\u00fcnsche und Anregungen.<\/p>\n<p>Ein weiterer Tagesordnungspunkt bildeten Wahlen zum Vorstand.<\/p>\n<p>Hier gab es einige Ver\u00e4nderungen.<\/p>\n<p>Walburga Kohnen bleibt f\u00fcr weitere zwei Jahre Vorsitzende.<\/p>\n<p>Wiedergew\u00e4hlt wurden auch ihr Stellvertreter Heinrich Lange, Schriftf\u00fchrer Winfried Warning und die Schatzmeisterin Ingrid Grie\u00df.<\/p>\n<p>Neue Beisitzer sind Barbara Hoffmann und Trudi Broos.<\/p>\n<p>Die stellvertretende B\u00fcrgermeisterin Irmgard Welling \u00fcbermittelte die Gr\u00fc\u00dfe und guten W\u00fcnsche der Gemeinde. Sie bat den Singkreis, sich auch weiterhin als ein \u201emusikalisches Aush\u00e4ngeschild der Gemeinde fit zu halten\u201c.<\/p>\n<p>Text\/Fotos: KS<\/p>\n<p><a href=\"https:\/\/www.forum-soegel.de\/information\/wp-content\/uploads\/2010\/03\/DSCF5124.jpg\"><img loading=\"lazy\" decoding=\"async\" class=\"alignnone size-thumbnail wp-image-1004\" title=\"DSCF5124\" src=\"https:\/\/www.forum-soegel.de\/information\/wp-content\/uploads\/2010\/03\/DSCF5124-150x150.jpg\" alt=\"\" width=\"150\" height=\"150\" \/><\/a>\u00a0<a href=\"https:\/\/www.forum-soegel.de\/information\/wp-content\/uploads\/2010\/03\/DSCF5137.jpg\"><img loading=\"lazy\" decoding=\"async\" class=\"alignnone size-thumbnail wp-image-1011\" title=\"DSCF5137\" src=\"https:\/\/www.forum-soegel.de\/information\/wp-content\/uploads\/2010\/03\/DSCF5137-150x150.jpg\" alt=\"\" width=\"150\" height=\"150\" \/><\/a> <a href=\"https:\/\/www.forum-soegel.de\/information\/wp-content\/uploads\/2010\/03\/DSCF5143.jpg\"><img loading=\"lazy\" decoding=\"async\" class=\"alignnone size-thumbnail wp-image-1008\" title=\"DSCF5143\" src=\"https:\/\/www.forum-soegel.de\/information\/wp-content\/uploads\/2010\/03\/DSCF5143-150x150.jpg\" alt=\"\" width=\"150\" height=\"150\" \/><\/a>\u00a0<a href=\"https:\/\/www.forum-soegel.de\/information\/wp-content\/uploads\/2010\/03\/DSCF5129.jpg\"><img loading=\"lazy\" decoding=\"async\" class=\"alignnone size-thumbnail wp-image-1564\" title=\"DSCF5129\" src=\"https:\/\/www.forum-soegel.de\/information\/wp-content\/uploads\/2010\/03\/DSCF5129-150x150.jpg\" alt=\"\" width=\"150\" height=\"150\" \/><\/a>\u00a0<a href=\"https:\/\/www.forum-soegel.de\/information\/wp-content\/uploads\/2010\/03\/DSCF5131.jpg\"><img loading=\"lazy\" decoding=\"async\" class=\"alignnone size-thumbnail wp-image-1565\" title=\"DSCF5131\" src=\"https:\/\/www.forum-soegel.de\/information\/wp-content\/uploads\/2010\/03\/DSCF5131-150x150.jpg\" alt=\"\" width=\"150\" height=\"150\" \/><\/a>\u00a0<a href=\"https:\/\/www.forum-soegel.de\/information\/wp-content\/uploads\/2010\/03\/DSCF51251.jpg\"><img loading=\"lazy\" decoding=\"async\" class=\"alignnone size-thumbnail wp-image-1566\" title=\"DSCF5125\" src=\"https:\/\/www.forum-soegel.de\/information\/wp-content\/uploads\/2010\/03\/DSCF51251-150x150.jpg\" alt=\"\" width=\"150\" height=\"150\" \/><\/a>\u00a0<a href=\"https:\/\/www.forum-soegel.de\/information\/wp-content\/uploads\/2010\/03\/DSCF5133.jpg\"><img loading=\"lazy\" decoding=\"async\" class=\"alignnone size-thumbnail wp-image-1567\" title=\"DSCF5133\" src=\"https:\/\/www.forum-soegel.de\/information\/wp-content\/uploads\/2010\/03\/DSCF5133-150x150.jpg\" alt=\"\" width=\"150\" height=\"150\" \/><\/a>\u00a0<a href=\"https:\/\/www.forum-soegel.de\/information\/wp-content\/uploads\/2010\/03\/DSCF51351.jpg\"><img loading=\"lazy\" decoding=\"async\" class=\"alignnone size-thumbnail wp-image-1568\" title=\"DSCF5135\" src=\"https:\/\/www.forum-soegel.de\/information\/wp-content\/uploads\/2010\/03\/DSCF51351-150x150.jpg\" alt=\"\" width=\"150\" height=\"150\" \/><\/a>\u00a0<a href=\"https:\/\/www.forum-soegel.de\/information\/wp-content\/uploads\/2010\/03\/DSCF5141.jpg\"><img loading=\"lazy\" decoding=\"async\" class=\"alignnone size-thumbnail wp-image-1569\" title=\"DSCF5141\" src=\"https:\/\/www.forum-soegel.de\/information\/wp-content\/uploads\/2010\/03\/DSCF5141-150x150.jpg\" alt=\"\" width=\"150\" height=\"150\" \/><\/a>\u00a0<a href=\"https:\/\/www.forum-soegel.de\/information\/wp-content\/uploads\/2010\/03\/DSCF5146.jpg\"><img loading=\"lazy\" decoding=\"async\" class=\"alignnone size-thumbnail wp-image-1570\" title=\"DSCF5146\" src=\"https:\/\/www.forum-soegel.de\/information\/wp-content\/uploads\/2010\/03\/DSCF5146-150x150.jpg\" alt=\"\" width=\"150\" height=\"150\" \/><\/a><\/p>\n","protected":false},"excerpt":{"rendered":"Anl\u00e4sslich der Jahreshauptversammlung des Singkreis S\u00f6gel im Januar dieses Jahres, \u00fcbergab Walburga Kohnen die musikalische Leitung an Stefanie Schmidt. ( wir berichteten dar\u00fcber ) Mit Schmidt, die im Hauptberuf als Referentin in der Jugendbildungsst\u00e4tte Marstall Clemenswerth arbeitet hat, so Walburger Kohnen, der Singkreis nach langer Suche eine junge, dynamische Nachfolgerin als Dirigentin gefunden. In ihrer [&hellip;]\n","protected":false},"author":2,"featured_media":0,"comment_status":"closed","ping_status":"closed","sticky":false,"template":"","format":"standard","meta":{"ngg_post_thumbnail":0,"footnotes":""},"categories":[5],"tags":[196],"class_list":["post-1002","post","type-post","status-publish","format-standard","hentry","category-was-machen-die-vereine","tag-singkreis"],"_links":{"self":[{"href":"https:\/\/www.forum-soegel.de\/information\/wp-json\/wp\/v2\/posts\/1002","targetHints":{"allow":["GET"]}}],"collection":[{"href":"https:\/\/www.forum-soegel.de\/information\/wp-json\/wp\/v2\/posts"}],"about":[{"href":"https:\/\/www.forum-soegel.de\/information\/wp-json\/wp\/v2\/types\/post"}],"author":[{"embeddable":true,"href":"https:\/\/www.forum-soegel.de\/information\/wp-json\/wp\/v2\/users\/2"}],"replies":[{"embeddable":true,"href":"https:\/\/www.forum-soegel.de\/information\/wp-json\/wp\/v2\/comments?post=1002"}],"version-history":[{"count":24,"href":"https:\/\/www.forum-soegel.de\/information\/wp-json\/wp\/v2\/posts\/1002\/revisions"}],"predecessor-version":[{"id":1010,"href":"https:\/\/www.forum-soegel.de\/information\/wp-json\/wp\/v2\/posts\/1002\/revisions\/1010"}],"wp:attachment":[{"href":"https:\/\/www.forum-soegel.de\/information\/wp-json\/wp\/v2\/media?parent=1002"}],"wp:term":[{"taxonomy":"category","embeddable":true,"href":"https:\/\/www.forum-soegel.de\/information\/wp-json\/wp\/v2\/categories?post=1002"},{"taxonomy":"post_tag","embeddable":true,"href":"https:\/\/www.forum-soegel.de\/information\/wp-json\/wp\/v2\/tags?post=1002"}],"curies":[{"name":"wp","href":"https:\/\/api.w.org\/{rel}","templated":true}]}}