{"id":2945,"date":"2018-04-17T16:51:55","date_gmt":"2018-04-17T14:51:55","guid":{"rendered":"https:\/\/www.forum-soegel.de\/forum\/?p=2945"},"modified":"2018-04-17T16:51:55","modified_gmt":"2018-04-17T14:51:55","slug":"gedenkveranstaltung-08-april-2018","status":"publish","type":"post","link":"https:\/\/www.forum-soegel.de\/forum\/archives\/2945","title":{"rendered":"Gedenkveranstaltung 08. April 2018"},"content":{"rendered":"<p><strong>Begr\u00fc\u00dfungsworte des Vorsitzenden Bernd Eggert<\/strong><\/p>\n<p>3 Ereignisse, gleich 3 schreckliche Ereignisse des II.Weltkriegs und der Nazi Herrschaft f\u00fchren uns heute hier an diesem Ort zusammen. Warum an diesem Ort? Genau hier an dieser Stelle mussten vor 73 Jahren 5 kanadische Soldaten ihr Leben lassen. Aber zuvor, am 8. April 1945, es war damals auch Wei\u00dfer Sonntag, starben 11 S\u00f6geler Einwohner bei einem Luftangriff durch alliierte Jagdbomber. Am selben Tag wurden nahe unserer Partnergemeinde Norg 18 niederl\u00e4ndische Widerstandsk\u00e4mpfer von SS- M\u00e4nnern erschossen. Es ist uns eine gro\u00dfe Ehre, 2 S\u00f6hne der Ermordeten heute begr\u00fc\u00dfen zu k\u00f6nnen. Dr Johan Stoffels und Dr. Pieter de Jong. Jedes Jahr zum Volkstrauertag gedenken wir aller Opfer von Krieg und Gewaltherrschaft und das stets gemeinsam mit unseren Freunden aus den Niederlanden. Wir tun dies an den Denkmalen f\u00fcr die aus S\u00f6gel stammenden gefallenen Soldaten des I. und II Weltkriegs. Aber erinnern wir uns auch an die toten kanadischen Soldaten? Waren doch sie es, die den Nordwesten Deutschlands und die Niederlande befreit und damit zur Beendigung des schrecklichen Krieges beigetragen haben. Wenn wir hier einen Platz des Gedenkens schaffen und uns der Opfer erinnern, dann voll in dem Bewusstsein, welches Leid und Unheil die kanadischen Besatzungstruppen \u00fcber die Einwohner S\u00f6gels gebracht haben. Die Pl\u00fcnderungen, Vergewaltigungen, Sprengungen der H\u00e4user \u2013 s\u00e4mtlich kriegsv\u00f6lkerrchtswidrige Handlungen &#8211; sollen genauso unvergessen bleiben wie der Tot der jungen kanadischen Soldaten. Insgesamt sieben starben am 09. und 10. April 1945 bei der Einnahme von S\u00f6gel. Einer wurde so schwer verwundet, dass er 4 Tage sp\u00e4ter im Lazarett in Almelo verstarb. F\u00fcr alle diese hier lange Zeit nicht bekannten Informationen danken wir den Vertretern des kanadischen Soldatenfriedhofs in Holten in den Niederlanden, wo 1.400 Gefallene ihre letzte Ruhe fanden. Leider mussten die Holtener wegen einer eigenen Veranstaltung ihre Teilnahme hier und heute absagen. Den Kontakt dorthin hat uns Johan Stoffels er\u00f6ffnet. Geschichte aufzuarbeiten und weiterzugeben, hat\u00a0 hohe Anspr\u00fcche zu erf\u00fcllen. Sie muss so objektiv und umfassend wie irgend m\u00f6glich erforscht und festgehalten werden. Weil umfassend, darf auch der Tot von 27 deutschen Soldaten nicht unerw\u00e4hnt bleiben. Es waren junge verblendete, befehlsergebene M\u00e4nner, fast noch Jugendliche, die bei den Kampfhandlungen in S\u00f6gel ihr Leben einb\u00fc\u00dften. Trotz der leidvollen Folgen f\u00fcr die Bev\u00f6lkerung darf niemals vergessen werden, wer diesen m\u00f6rderischen Krieg angezettelt und die Nationen Europas und dar\u00fcber hinaus in die Katastrophe mit \u00fcber 70 Millionen Toten gef\u00fchrt hat. Durch die Opfer der Alliierten wurden unsere L\u00e4nder \u2013 Deutschland wie die Niederlande \u2013 von dem verbrecherischen Nazi-Regime befreit und dem uns\u00e4glichen Krieg ein Ende bereitet. M\u00f6ge das heutige Gedenken die Erinnerung mahnend wach halten. Die zu enth\u00fcllende Tafel soll dauerhaft dazu beitragen.<\/p>\n<p><img loading=\"lazy\" decoding=\"async\" class=\"alignnone wp-image-2947\" src=\"https:\/\/www.forum-soegel.de\/forum\/wp-content\/uploads\/DSC04043-300x252.jpg\" alt=\"\" width=\"533\" height=\"448\" srcset=\"https:\/\/www.forum-soegel.de\/forum\/wp-content\/uploads\/DSC04043-300x252.jpg 300w, https:\/\/www.forum-soegel.de\/forum\/wp-content\/uploads\/DSC04043-768x644.jpg 768w, https:\/\/www.forum-soegel.de\/forum\/wp-content\/uploads\/DSC04043-1024x859.jpg 1024w, https:\/\/www.forum-soegel.de\/forum\/wp-content\/uploads\/DSC04043.jpg 1500w\" sizes=\"auto, (max-width: 533px) 100vw, 533px\" \/> <img loading=\"lazy\" decoding=\"async\" class=\"alignnone wp-image-2948\" src=\"https:\/\/www.forum-soegel.de\/forum\/wp-content\/uploads\/radkeDSC07985-300x200.jpg\" alt=\"\" width=\"536\" height=\"358\" srcset=\"https:\/\/www.forum-soegel.de\/forum\/wp-content\/uploads\/radkeDSC07985-300x200.jpg 300w, https:\/\/www.forum-soegel.de\/forum\/wp-content\/uploads\/radkeDSC07985-768x512.jpg 768w, https:\/\/www.forum-soegel.de\/forum\/wp-content\/uploads\/radkeDSC07985-1024x683.jpg 1024w, https:\/\/www.forum-soegel.de\/forum\/wp-content\/uploads\/radkeDSC07985.jpg 1500w\" sizes=\"auto, (max-width: 536px) 100vw, 536px\" \/><\/p>\n","protected":false},"excerpt":{"rendered":"Begr\u00fc\u00dfungsworte des Vorsitzenden Bernd Eggert 3 Ereignisse, gleich 3 schreckliche Ereignisse des II.Weltkriegs und der Nazi Herrschaft f\u00fchren uns heute hier an diesem Ort zusammen. Warum an diesem Ort? Genau hier an dieser Stelle mussten vor 73 Jahren 5 kanadische Soldaten ihr Leben lassen. Aber zuvor, am 8. April 1945, es war damals auch Wei\u00dfer [&hellip;]\n","protected":false},"author":2,"featured_media":0,"comment_status":"closed","ping_status":"closed","sticky":false,"template":"","format":"standard","meta":{"ngg_post_thumbnail":0,"footnotes":""},"categories":[1],"tags":[],"class_list":["post-2945","post","type-post","status-publish","format-standard","hentry","category-veranstaltungen"],"_links":{"self":[{"href":"https:\/\/www.forum-soegel.de\/forum\/wp-json\/wp\/v2\/posts\/2945","targetHints":{"allow":["GET"]}}],"collection":[{"href":"https:\/\/www.forum-soegel.de\/forum\/wp-json\/wp\/v2\/posts"}],"about":[{"href":"https:\/\/www.forum-soegel.de\/forum\/wp-json\/wp\/v2\/types\/post"}],"author":[{"embeddable":true,"href":"https:\/\/www.forum-soegel.de\/forum\/wp-json\/wp\/v2\/users\/2"}],"replies":[{"embeddable":true,"href":"https:\/\/www.forum-soegel.de\/forum\/wp-json\/wp\/v2\/comments?post=2945"}],"version-history":[{"count":7,"href":"https:\/\/www.forum-soegel.de\/forum\/wp-json\/wp\/v2\/posts\/2945\/revisions"}],"predecessor-version":[{"id":3088,"href":"https:\/\/www.forum-soegel.de\/forum\/wp-json\/wp\/v2\/posts\/2945\/revisions\/3088"}],"wp:attachment":[{"href":"https:\/\/www.forum-soegel.de\/forum\/wp-json\/wp\/v2\/media?parent=2945"}],"wp:term":[{"taxonomy":"category","embeddable":true,"href":"https:\/\/www.forum-soegel.de\/forum\/wp-json\/wp\/v2\/categories?post=2945"},{"taxonomy":"post_tag","embeddable":true,"href":"https:\/\/www.forum-soegel.de\/forum\/wp-json\/wp\/v2\/tags?post=2945"}],"curies":[{"name":"wp","href":"https:\/\/api.w.org\/{rel}","templated":true}]}}