{"id":2832,"date":"2017-05-12T11:01:43","date_gmt":"2017-05-12T09:01:43","guid":{"rendered":"https:\/\/www.forum-soegel.de\/forum\/?p=2832"},"modified":"2017-05-12T11:07:56","modified_gmt":"2017-05-12T09:07:56","slug":"herdenkingsbijeenkomst-in-norg","status":"publish","type":"post","link":"https:\/\/www.forum-soegel.de\/forum\/archives\/2832","title":{"rendered":"Herdenkingsbijeenkomst in Norg"},"content":{"rendered":"<p>04.Mai: Wie in jedem Jahr nahm eine Abordnung aus S\u00f6gel an der Gedenkzusammenkunft<\/p>\n<p>( Herdenkingsbijeenkomst) in der Partnergemeinde Norg teil. Traditionell wird an diesem Tag\u00a0 in den Niederlanden der Opfer von Krieg und Gewaltherrschaft gedacht. Nach einer herzlichen Begr\u00fc\u00dfung durch die Freunde aus Norg begann der offizielle Teil mit einer Erinnerungsveranstaltung am Denkmal f\u00fcr die am 08. April 1945 von<\/p>\n<p>SS-Angeh\u00f6rigen ermordeten Widerstandsk\u00e4mpfer. Sch\u00fclerinnen und Sch\u00fcler einer 7. und 8. Klasse, die die Patenschaft \u00fcber das Denkmal \u00fcbernommen haben, trugen Lieder und Gedichte vor. Der Enkel eines Ermordeten gab mit bewegenden Worten seinem Gro\u00dfvater ein Gesicht. G\u00fcnther Wucherpfennig, der stellvertretende B\u00fcrgermeister von S\u00f6gel erinnerte an die Greueltaten des Nazi Regimes und an das Leid der Opfer verbunden mit einem leidenschaftlichen Appell f\u00fcr Frieden und Freiheit. Der zweite Teil des Gedenkens fand in der altehrw\u00fcrdigen Margaretha Kirche statt unter dem Motto \u201eGeef vrijheid door!\u201c Wieder waren es die Schulkinder, die Friedensbotschaften vortrugen und Kerzen anz\u00fcndeten. Nach gemeinsamem Singen der Nationalhymne ging es dann im Schweigemarsch zum Friedhof, wo Blumen und Kr\u00e4nze an den Gr\u00e4bern von gefallenen britischen Flugzeugbesatzungen abgelegt wurden. Um Punkt 20.00 Uhr h\u00f6rte man nur noch Vogelgezwitscher. Das ganze Land versank in zwei Minuten der Stille. Insgesamt eine sehr beeindruckende und stilvolle Gedenkfeier.<\/p>\n<p><a href=\"https:\/\/www.forum-soegel.de\/forum\/wp-content\/uploads\/DSC025061.jpg\"><img loading=\"lazy\" decoding=\"async\" class=\"alignnone size-full wp-image-2840\" title=\"DSC02506\" src=\"https:\/\/www.forum-soegel.de\/forum\/wp-content\/uploads\/DSC025061.jpg\" alt=\"\" width=\"512\" height=\"340\" srcset=\"https:\/\/www.forum-soegel.de\/forum\/wp-content\/uploads\/DSC025061.jpg 640w, https:\/\/www.forum-soegel.de\/forum\/wp-content\/uploads\/DSC025061-300x199.jpg 300w\" sizes=\"auto, (max-width: 512px) 100vw, 512px\" \/><\/a><\/p>\n<p>Text: Bernd Eggert<\/p>\n<p>Foto: Bart Talens, Norg<\/p>\n","protected":false},"excerpt":{"rendered":"04.Mai: Wie in jedem Jahr nahm eine Abordnung aus S\u00f6gel an der Gedenkzusammenkunft ( Herdenkingsbijeenkomst) in der Partnergemeinde Norg teil. Traditionell wird an diesem Tag\u00a0 in den Niederlanden der Opfer von Krieg und Gewaltherrschaft gedacht. Nach einer herzlichen Begr\u00fc\u00dfung durch die Freunde aus Norg begann der offizielle Teil mit einer Erinnerungsveranstaltung am Denkmal f\u00fcr die [&hellip;]\n","protected":false},"author":2,"featured_media":0,"comment_status":"closed","ping_status":"closed","sticky":false,"template":"","format":"standard","meta":{"ngg_post_thumbnail":0,"footnotes":""},"categories":[1],"tags":[],"class_list":["post-2832","post","type-post","status-publish","format-standard","hentry","category-veranstaltungen"],"_links":{"self":[{"href":"https:\/\/www.forum-soegel.de\/forum\/wp-json\/wp\/v2\/posts\/2832","targetHints":{"allow":["GET"]}}],"collection":[{"href":"https:\/\/www.forum-soegel.de\/forum\/wp-json\/wp\/v2\/posts"}],"about":[{"href":"https:\/\/www.forum-soegel.de\/forum\/wp-json\/wp\/v2\/types\/post"}],"author":[{"embeddable":true,"href":"https:\/\/www.forum-soegel.de\/forum\/wp-json\/wp\/v2\/users\/2"}],"replies":[{"embeddable":true,"href":"https:\/\/www.forum-soegel.de\/forum\/wp-json\/wp\/v2\/comments?post=2832"}],"version-history":[{"count":5,"href":"https:\/\/www.forum-soegel.de\/forum\/wp-json\/wp\/v2\/posts\/2832\/revisions"}],"predecessor-version":[{"id":2984,"href":"https:\/\/www.forum-soegel.de\/forum\/wp-json\/wp\/v2\/posts\/2832\/revisions\/2984"}],"wp:attachment":[{"href":"https:\/\/www.forum-soegel.de\/forum\/wp-json\/wp\/v2\/media?parent=2832"}],"wp:term":[{"taxonomy":"category","embeddable":true,"href":"https:\/\/www.forum-soegel.de\/forum\/wp-json\/wp\/v2\/categories?post=2832"},{"taxonomy":"post_tag","embeddable":true,"href":"https:\/\/www.forum-soegel.de\/forum\/wp-json\/wp\/v2\/tags?post=2832"}],"curies":[{"name":"wp","href":"https:\/\/api.w.org\/{rel}","templated":true}]}}