{"id":2793,"date":"2017-04-27T09:28:02","date_gmt":"2017-04-27T07:28:02","guid":{"rendered":"https:\/\/www.forum-soegel.de\/forum\/?p=2793"},"modified":"2017-04-27T09:40:22","modified_gmt":"2017-04-27T07:40:22","slug":"ministerprasident-stefan-weil-besichtigt-forum-sogel","status":"publish","type":"post","link":"https:\/\/www.forum-soegel.de\/forum\/archives\/2793","title":{"rendered":"Ministerpr\u00e4sident Stefan Weil besichtigt FORUM S\u00f6gel"},"content":{"rendered":"<h3><span style=\"font-weight: normal;\"><span style=\"color: #000000;\">Welch eine \u00dcberraschung! In Ab\u00e4nderung des Besuchsprogramms wurde kurzfristig anstelle einer Radtour eine Besichtigung des FORUMs eingeplant. Gemeinsam mit Vertretern der SPD-Ratsfraktion machte Weil sich ein Bild von der Arbeit des Vereins. Vorsitzender Bernd Eggert gab einen kurzen Einblick in die Ziele und Aufgaben. Mit besonderem Interesse schaute der Ministerpr\u00e4sident sich das Monatsheft \u201eInformationen f\u00fcr S\u00f6gel und Umgebung\u201c an. \u201e Vorbildlich, was solch ein relativ kleiner Verein leistet\u201c, so seine Bewertung. Beim anschlie\u00dfenden Rundgang durch die Geschichts- und Zukunftswerkstatt war er sichtlich beeindruckt und voll des Lobes dar\u00fcber, wie Geschichte hier aufgearbeitet und pr\u00e4sentiert wird.<\/span><\/span><\/h3>\n<p><span style=\"font-weight: normal;\"><span style=\"color: #000000;\"><br \/>\n<\/span><\/span><\/p>\n<p><a href=\"https:\/\/www.forum-soegel.de\/forum\/wp-content\/uploads\/DSC_02843.jpg\"><img loading=\"lazy\" decoding=\"async\" class=\"alignnone size-large wp-image-2804\" title=\"DSC_0284\" src=\"https:\/\/www.forum-soegel.de\/forum\/wp-content\/uploads\/DSC_02843-1024x680.jpg\" alt=\"\" width=\"545\" height=\"361\" srcset=\"https:\/\/www.forum-soegel.de\/forum\/wp-content\/uploads\/DSC_02843-1024x680.jpg 1024w, https:\/\/www.forum-soegel.de\/forum\/wp-content\/uploads\/DSC_02843-300x199.jpg 300w\" sizes=\"auto, (max-width: 545px) 100vw, 545px\" \/><\/a><\/p>\n<p><a href=\"https:\/\/www.forum-soegel.de\/forum\/wp-content\/uploads\/DSC_02901.jpg\"><img loading=\"lazy\" decoding=\"async\" class=\"alignnone size-large wp-image-2805\" title=\"DSC_0290\" src=\"https:\/\/www.forum-soegel.de\/forum\/wp-content\/uploads\/DSC_02901-1024x680.jpg\" alt=\"\" width=\"545\" height=\"361\" srcset=\"https:\/\/www.forum-soegel.de\/forum\/wp-content\/uploads\/DSC_02901-1024x680.jpg 1024w, https:\/\/www.forum-soegel.de\/forum\/wp-content\/uploads\/DSC_02901-300x199.jpg 300w\" sizes=\"auto, (max-width: 545px) 100vw, 545px\" \/><\/a><\/p>\n","protected":false},"excerpt":{"rendered":"Welch eine \u00dcberraschung! In Ab\u00e4nderung des Besuchsprogramms wurde kurzfristig anstelle einer Radtour eine Besichtigung des FORUMs eingeplant. Gemeinsam mit Vertretern der SPD-Ratsfraktion machte Weil sich ein Bild von der Arbeit des Vereins. Vorsitzender Bernd Eggert gab einen kurzen Einblick in die Ziele und Aufgaben. Mit besonderem Interesse schaute der Ministerpr\u00e4sident sich das Monatsheft \u201eInformationen f\u00fcr [&hellip;]\n","protected":false},"author":2,"featured_media":0,"comment_status":"closed","ping_status":"closed","sticky":false,"template":"","format":"standard","meta":{"ngg_post_thumbnail":0,"footnotes":""},"categories":[1],"tags":[],"class_list":["post-2793","post","type-post","status-publish","format-standard","hentry","category-veranstaltungen"],"_links":{"self":[{"href":"https:\/\/www.forum-soegel.de\/forum\/wp-json\/wp\/v2\/posts\/2793","targetHints":{"allow":["GET"]}}],"collection":[{"href":"https:\/\/www.forum-soegel.de\/forum\/wp-json\/wp\/v2\/posts"}],"about":[{"href":"https:\/\/www.forum-soegel.de\/forum\/wp-json\/wp\/v2\/types\/post"}],"author":[{"embeddable":true,"href":"https:\/\/www.forum-soegel.de\/forum\/wp-json\/wp\/v2\/users\/2"}],"replies":[{"embeddable":true,"href":"https:\/\/www.forum-soegel.de\/forum\/wp-json\/wp\/v2\/comments?post=2793"}],"version-history":[{"count":13,"href":"https:\/\/www.forum-soegel.de\/forum\/wp-json\/wp\/v2\/posts\/2793\/revisions"}],"predecessor-version":[{"id":2816,"href":"https:\/\/www.forum-soegel.de\/forum\/wp-json\/wp\/v2\/posts\/2793\/revisions\/2816"}],"wp:attachment":[{"href":"https:\/\/www.forum-soegel.de\/forum\/wp-json\/wp\/v2\/media?parent=2793"}],"wp:term":[{"taxonomy":"category","embeddable":true,"href":"https:\/\/www.forum-soegel.de\/forum\/wp-json\/wp\/v2\/categories?post=2793"},{"taxonomy":"post_tag","embeddable":true,"href":"https:\/\/www.forum-soegel.de\/forum\/wp-json\/wp\/v2\/tags?post=2793"}],"curies":[{"name":"wp","href":"https:\/\/api.w.org\/{rel}","templated":true}]}}