{"id":2671,"date":"2016-01-30T15:42:57","date_gmt":"2016-01-30T14:42:57","guid":{"rendered":"https:\/\/www.forum-soegel.de\/forum\/?p=2671"},"modified":"2016-01-30T16:02:07","modified_gmt":"2016-01-30T15:02:07","slug":"geschichte-kennen-%e2%80%93-gegenwart-verstehen-%e2%80%93-zukunft-gestalten","status":"publish","type":"post","link":"https:\/\/www.forum-soegel.de\/forum\/archives\/2671","title":{"rendered":"Geschichte kennen \u2013 Gegenwart verstehen \u2013 Zukunft gestalten"},"content":{"rendered":"<p><strong>Ehemalige SPD Landtags- und Kreistagsabgeordnete beim FORUM S\u00f6gel<\/strong><\/p>\n<p>Unter dem Motto \u201eNur wer die Geschichte kennt, kann die Gegenwart verstehen und die Zukunft gestalten (Zitat Altbundespr\u00e4sident K\u00f6hler) stand der Besuch einer drei\u00dfigk\u00f6pfigen Gruppe ehemaliger Landtags- und Kreistagsabgeordneter der SPD Fraktionen in der Geschichts- und Zukunftswerkstatt des FORUM S\u00f6gel e.V..<\/p>\n<p>Die Besucher wollten sich ein Bild machen, wie dort Geschichte vermittelt und in politische Bildung umgesetzt wird. Was die schulische Bildung angeht, wurde die Frage diskutiert: \u201eSind wir auf dem Weg zu einer geschichtsvergessenen Generation?\u201c, wie es j\u00fcngst warnend Experten in einem Beitrag einer gro\u00dfen deutschen Sonntagszeitung formulierten.<\/p>\n<p>Bereits in einer Studie der Freien Universit\u00e4t Berlin aus dem Jahr 2014 kam man zu dem Ergebnis, das Geschichtswissen der Jugendlichen sei \u201emangelhaft\u201c. Was sind die Ursachen und wie kann man gegensteuern? Bernd Eggert, der Vorsitzende des FORUM S\u00f6gel e.V. erl\u00e4uterte das Konzept der Geschichts- und Zukunftswerkstatt als Beitrag zur Probleml\u00f6sung. Durch mehrj\u00e4hrige Erfahrung des FORUM Teams best\u00e4tigt, und inzwischen auch wissenschaftlich erwiesen, ist der regional-historische Bezug ein Erfolg bringender Ansatz.<\/p>\n<p>\u201eGeschichte von unten\u201c zu vermitteln im Kontext mit der \u201egro\u00dfen Geschichte\u201c und immer wieder die Frage \u201ewarum ist das so und nicht anders gelaufen, hier bzw. anderenorts?\u201c, das sind die spannenden Aspekte, Geschichte verstehen zu lernen und gegenw\u00e4rtige Entwicklungen beurteilen zu k\u00f6nnen. Da die ehemaligen Abgeordneten in ihren politischen \u00c4mtern sich auch mit Schul- und Bildungspolitik befassten, kam es beim Rundgang durch die Werkstatt zu anregenden Gespr\u00e4chen mit dem FORUM-Team. Karin Stief-Kreie, die gemeinsam mit Anno Immenga den Besuch initiiert hatte, zeigte sich \u00fcberaus beeindruckt von der Arbeit im FORUM und best\u00e4rkte das Team, auf diesem Weg weiter zu gehen.<\/p>\n<p><a href=\"https:\/\/www.forum-soegel.de\/forum\/wp-content\/uploads\/DSC_0262.jpg\"><img loading=\"lazy\" decoding=\"async\" class=\"alignleft size-medium wp-image-2672\" title=\"DSC_0262\" src=\"https:\/\/www.forum-soegel.de\/forum\/wp-content\/uploads\/DSC_0262-300x199.jpg\" alt=\"\" width=\"300\" height=\"199\" srcset=\"https:\/\/www.forum-soegel.de\/forum\/wp-content\/uploads\/DSC_0262-300x199.jpg 300w, https:\/\/www.forum-soegel.de\/forum\/wp-content\/uploads\/DSC_0262-1024x679.jpg 1024w, https:\/\/www.forum-soegel.de\/forum\/wp-content\/uploads\/DSC_0262.jpg 2000w\" sizes=\"auto, (max-width: 300px) 100vw, 300px\" \/><\/a><\/p>\n","protected":false},"excerpt":{"rendered":"Ehemalige SPD Landtags- und Kreistagsabgeordnete beim FORUM S\u00f6gel Unter dem Motto \u201eNur wer die Geschichte kennt, kann die Gegenwart verstehen und die Zukunft gestalten (Zitat Altbundespr\u00e4sident K\u00f6hler) stand der Besuch einer drei\u00dfigk\u00f6pfigen Gruppe ehemaliger Landtags- und Kreistagsabgeordneter der SPD Fraktionen in der Geschichts- und Zukunftswerkstatt des FORUM S\u00f6gel e.V.. Die Besucher wollten sich ein Bild [&hellip;]\n","protected":false},"author":2,"featured_media":0,"comment_status":"closed","ping_status":"closed","sticky":false,"template":"","format":"standard","meta":{"ngg_post_thumbnail":0,"footnotes":""},"categories":[1],"tags":[],"class_list":["post-2671","post","type-post","status-publish","format-standard","hentry","category-veranstaltungen"],"_links":{"self":[{"href":"https:\/\/www.forum-soegel.de\/forum\/wp-json\/wp\/v2\/posts\/2671","targetHints":{"allow":["GET"]}}],"collection":[{"href":"https:\/\/www.forum-soegel.de\/forum\/wp-json\/wp\/v2\/posts"}],"about":[{"href":"https:\/\/www.forum-soegel.de\/forum\/wp-json\/wp\/v2\/types\/post"}],"author":[{"embeddable":true,"href":"https:\/\/www.forum-soegel.de\/forum\/wp-json\/wp\/v2\/users\/2"}],"replies":[{"embeddable":true,"href":"https:\/\/www.forum-soegel.de\/forum\/wp-json\/wp\/v2\/comments?post=2671"}],"version-history":[{"count":8,"href":"https:\/\/www.forum-soegel.de\/forum\/wp-json\/wp\/v2\/posts\/2671\/revisions"}],"predecessor-version":[{"id":2884,"href":"https:\/\/www.forum-soegel.de\/forum\/wp-json\/wp\/v2\/posts\/2671\/revisions\/2884"}],"wp:attachment":[{"href":"https:\/\/www.forum-soegel.de\/forum\/wp-json\/wp\/v2\/media?parent=2671"}],"wp:term":[{"taxonomy":"category","embeddable":true,"href":"https:\/\/www.forum-soegel.de\/forum\/wp-json\/wp\/v2\/categories?post=2671"},{"taxonomy":"post_tag","embeddable":true,"href":"https:\/\/www.forum-soegel.de\/forum\/wp-json\/wp\/v2\/tags?post=2671"}],"curies":[{"name":"wp","href":"https:\/\/api.w.org\/{rel}","templated":true}]}}