{"id":2358,"date":"2014-11-28T09:08:20","date_gmt":"2014-11-28T08:08:20","guid":{"rendered":"https:\/\/www.forum-soegel.de\/forum\/?p=2358"},"modified":"2014-11-28T09:08:20","modified_gmt":"2014-11-28T08:08:20","slug":"advent-im-forum-ankundigung","status":"publish","type":"post","link":"https:\/\/www.forum-soegel.de\/forum\/archives\/2358","title":{"rendered":"&#8222;Advent im FORUM&#8220; &#8211; Ank\u00fcndigung"},"content":{"rendered":"<p>.<\/p>\n<p style=\"text-align: center;\"><a href=\"https:\/\/www.forum-soegel.de\/forum\/wp-content\/uploads\/Logo1.jpg\"><img loading=\"lazy\" decoding=\"async\" class=\"size-large wp-image-2367 aligncenter\" title=\"Logo\" src=\"https:\/\/www.forum-soegel.de\/forum\/wp-content\/uploads\/Logo1-1024x389.jpg\" alt=\"\" width=\"442\" height=\"167\" srcset=\"https:\/\/www.forum-soegel.de\/forum\/wp-content\/uploads\/Logo1-1024x389.jpg 1024w, https:\/\/www.forum-soegel.de\/forum\/wp-content\/uploads\/Logo1-300x114.jpg 300w, https:\/\/www.forum-soegel.de\/forum\/wp-content\/uploads\/Logo1.jpg 1368w\" sizes=\"auto, (max-width: 442px) 100vw, 442px\" \/><\/a><\/p>\n<p><span style=\"font-weight: bold;\">E i n l a d u n g<\/span><\/p>\n<p><strong> <\/strong><\/p>\n<p><strong> <\/strong><\/p>\n<p>Liebe Mitglieder des FORUM S\u00f6gel e.V.,<\/p>\n<p>inzwischen schon traditionell zum 3. Advent laden wir ein zum<\/p>\n<p><strong>\u201eAdvent im FORUM\u201c<\/strong><\/p>\n<p><strong> <\/strong><\/p>\n<p>am <strong>Sonntag, den 14. Dezember 2014 um 16.00 Uhr<\/strong> in unsere Geschichts- und<\/p>\n<p>Zukunftswerkstatt, Sigiltrastr.10 a in S\u00f6gel.<\/p>\n<p>Holger Lemmermann wird sein neues Buch vorstellen<\/p>\n<p><strong>\u201eAuswanderer vom H\u00fcmmling in Amerika\u201c<\/strong><\/p>\n<p>Er wird \u00fcber die Entstehung seines Werks berichten und Kurzweiliges aber auch Ernstes zu Einzelschicksalen H\u00fcmmlinger Auswanderer vortragen.<\/p>\n<p>Armut und Not haben in den letzten beiden Jahrhunderten bis in die heutige Zeit hinein viele Menschen bewogen, ihre Heimat zu verlassen und ihr Gl\u00fcck in anderen L\u00e4ndern zu suchen.<\/p>\n<p>Das Thema \u201eArbeitsmigration\u201c ber\u00fchrt uns derzeit aktuell auch hier in S\u00f6gel. Was wissen wir \u00fcber die Lebenssituation in den Herkunftsl\u00e4ndern und \u00fcber die Beweggr\u00fcnde der Menschen, die fernab ihrer Heimat hier bei uns Arbeit finden?<\/p>\n<p>Wir wollen mit ihnen ins Gespr\u00e4ch kommen und aus dem Munde von Betroffenen mehr erfahren. Wir meinen, dass ein adventliches Zusammenkommen dazu eine gute Gelegenheit bietet.<\/p>\n<p>Wir freuen uns auf einen harmonischen vorweihnachtlichen Nachmittag bei Kaffee, Tee, Gl\u00fchwein und Geb\u00e4ck und hoffen auf zahlreiche Teilnahme.<\/p>\n<p>Mit herzlichen Gr\u00fc\u00dfen im Namen des Vorstands<\/p>\n<p>Bernd Eggert<\/p>\n<p>Vorsitzender<\/p>\n<p>FORUM S\u00f6gel e.V. Im T\u00fcnneken 15, 49751 S\u00f6gel,Tel. 05952-1238, E-mail: forum-soegel-ev@ewetel.net<\/p>\n","protected":false},"excerpt":{"rendered":". E i n l a d u n g Liebe Mitglieder des FORUM S\u00f6gel e.V., inzwischen schon traditionell zum 3. Advent laden wir ein zum \u201eAdvent im FORUM\u201c am Sonntag, den 14. Dezember 2014 um 16.00 Uhr in unsere Geschichts- und Zukunftswerkstatt, Sigiltrastr.10 a in S\u00f6gel. Holger Lemmermann wird sein neues Buch vorstellen \u201eAuswanderer [&hellip;]\n","protected":false},"author":2,"featured_media":0,"comment_status":"closed","ping_status":"closed","sticky":false,"template":"","format":"standard","meta":{"ngg_post_thumbnail":0,"footnotes":""},"categories":[1],"tags":[],"class_list":["post-2358","post","type-post","status-publish","format-standard","hentry","category-veranstaltungen"],"_links":{"self":[{"href":"https:\/\/www.forum-soegel.de\/forum\/wp-json\/wp\/v2\/posts\/2358","targetHints":{"allow":["GET"]}}],"collection":[{"href":"https:\/\/www.forum-soegel.de\/forum\/wp-json\/wp\/v2\/posts"}],"about":[{"href":"https:\/\/www.forum-soegel.de\/forum\/wp-json\/wp\/v2\/types\/post"}],"author":[{"embeddable":true,"href":"https:\/\/www.forum-soegel.de\/forum\/wp-json\/wp\/v2\/users\/2"}],"replies":[{"embeddable":true,"href":"https:\/\/www.forum-soegel.de\/forum\/wp-json\/wp\/v2\/comments?post=2358"}],"version-history":[{"count":14,"href":"https:\/\/www.forum-soegel.de\/forum\/wp-json\/wp\/v2\/posts\/2358\/revisions"}],"predecessor-version":[{"id":2374,"href":"https:\/\/www.forum-soegel.de\/forum\/wp-json\/wp\/v2\/posts\/2358\/revisions\/2374"}],"wp:attachment":[{"href":"https:\/\/www.forum-soegel.de\/forum\/wp-json\/wp\/v2\/media?parent=2358"}],"wp:term":[{"taxonomy":"category","embeddable":true,"href":"https:\/\/www.forum-soegel.de\/forum\/wp-json\/wp\/v2\/categories?post=2358"},{"taxonomy":"post_tag","embeddable":true,"href":"https:\/\/www.forum-soegel.de\/forum\/wp-json\/wp\/v2\/tags?post=2358"}],"curies":[{"name":"wp","href":"https:\/\/api.w.org\/{rel}","templated":true}]}}