{"id":2331,"date":"2014-11-21T17:25:33","date_gmt":"2014-11-21T16:25:33","guid":{"rendered":"https:\/\/www.forum-soegel.de\/forum\/?p=2331"},"modified":"2014-11-21T17:28:30","modified_gmt":"2014-11-21T16:28:30","slug":"maueroffnung-1989-%e2%80%93-zeitzeugen-berichten","status":"publish","type":"post","link":"https:\/\/www.forum-soegel.de\/forum\/archives\/2331","title":{"rendered":"Mauer\u00f6ffnung 1989 \u2013 Zeitzeugen berichten"},"content":{"rendered":"<p>Es sollte mal anders sein. Nach der Medienflut der letzten Wochen sollten die Erlebnisse von unmittelbar Betroffenen \u00fcber das Geschehen in Berlin im November 1989 im Vordergrund stehen. Zum Kirchen\u2013Caf\u00e9 der evangelischen Markus-Gemeinde trafen sich zahlreiche interessierte Zuh\u00f6rer, um die Ereignisse rund um den 09.November 1989 aus erster Hand zu erfahren. \u201eWir wollen uns heute in Freude und Dankbarkeit in diesem Erinnerungsjahr 2014 einem Anlass jenseits von Krieg, Gewalt und vielen Toten widmen\u201c, so Bernd Eggert, der Vorsitzende des FORUM S\u00f6gel e.V. in seinen einf\u00fchrenden Worten. Wie h\u00e4tte es passender sein k\u00f6nnen, dass mit Pastor Matthias Vo\u00df und seiner Frau Lisa zwei Zeitzeugen berichteten, wie sie als Jugendliche die Mauer\u00f6ffnung erlebt und was sie dabei empfunden haben. Matthias Vo\u00df wohnte damals in Westberlin, seine Frau nur wenige Kilometer entfernt im Osten der Stadt. In beeindruckender Weise schilderte Lisa Vo\u00df , wie sie als Kind und Jugendliche den Alltag in der damaligen DDR erlebt hat. Diverse Fotos und Filmmaterial unterlegten ihren Bericht. Zu den Ereignissen am 09. November 1989 und den Tagen kurz davor und kurz danach berichteten beide. Was die Schilderungen gerade so spannend machte, war, dass einmal die Sicht Ost und einmal die Sicht West dargestellt wurde.<\/p>\n<p><a href=\"https:\/\/www.forum-soegel.de\/forum\/wp-content\/uploads\/Kirchencafe11.jpg\"><img loading=\"lazy\" decoding=\"async\" class=\"alignleft size-large wp-image-2336\" title=\"Kirchencafe1\" src=\"https:\/\/www.forum-soegel.de\/forum\/wp-content\/uploads\/Kirchencafe11-1024x576.jpg\" alt=\"\" width=\"491\" height=\"277\" srcset=\"https:\/\/www.forum-soegel.de\/forum\/wp-content\/uploads\/Kirchencafe11-1024x576.jpg 1024w, https:\/\/www.forum-soegel.de\/forum\/wp-content\/uploads\/Kirchencafe11-300x168.jpg 300w, https:\/\/www.forum-soegel.de\/forum\/wp-content\/uploads\/Kirchencafe11.jpg 1200w\" sizes=\"auto, (max-width: 491px) 100vw, 491px\" \/><\/a><\/p>\n<p><a href=\"https:\/\/www.forum-soegel.de\/forum\/wp-content\/uploads\/kirchencafe31.jpg\"><img loading=\"lazy\" decoding=\"async\" class=\"alignleft size-large wp-image-2340\" title=\"kirchencafe3\" src=\"https:\/\/www.forum-soegel.de\/forum\/wp-content\/uploads\/kirchencafe31-1024x576.jpg\" alt=\"\" width=\"491\" height=\"277\" srcset=\"https:\/\/www.forum-soegel.de\/forum\/wp-content\/uploads\/kirchencafe31-1024x576.jpg 1024w, https:\/\/www.forum-soegel.de\/forum\/wp-content\/uploads\/kirchencafe31-300x168.jpg 300w, https:\/\/www.forum-soegel.de\/forum\/wp-content\/uploads\/kirchencafe31.jpg 1200w\" sizes=\"auto, (max-width: 491px) 100vw, 491px\" \/><\/a><\/p>\n<p><a href=\"https:\/\/www.forum-soegel.de\/forum\/wp-content\/uploads\/Kirchencafe41.jpg\"><img loading=\"lazy\" decoding=\"async\" class=\"alignleft size-large wp-image-2342\" title=\"Kirchencafe4\" src=\"https:\/\/www.forum-soegel.de\/forum\/wp-content\/uploads\/Kirchencafe41-1024x576.jpg\" alt=\"\" width=\"491\" height=\"277\" srcset=\"https:\/\/www.forum-soegel.de\/forum\/wp-content\/uploads\/Kirchencafe41-1024x576.jpg 1024w, https:\/\/www.forum-soegel.de\/forum\/wp-content\/uploads\/Kirchencafe41-300x168.jpg 300w, https:\/\/www.forum-soegel.de\/forum\/wp-content\/uploads\/Kirchencafe41.jpg 1200w\" sizes=\"auto, (max-width: 491px) 100vw, 491px\" \/><\/a><\/p>\n<p>Text:Bernd Eggert, Fotos:Klaus Sch\u00e4ffner<\/p>\n","protected":false},"excerpt":{"rendered":"Es sollte mal anders sein. Nach der Medienflut der letzten Wochen sollten die Erlebnisse von unmittelbar Betroffenen \u00fcber das Geschehen in Berlin im November 1989 im Vordergrund stehen. Zum Kirchen\u2013Caf\u00e9 der evangelischen Markus-Gemeinde trafen sich zahlreiche interessierte Zuh\u00f6rer, um die Ereignisse rund um den 09.November 1989 aus erster Hand zu erfahren. \u201eWir wollen uns heute [&hellip;]\n","protected":false},"author":2,"featured_media":0,"comment_status":"closed","ping_status":"closed","sticky":false,"template":"","format":"standard","meta":{"ngg_post_thumbnail":0,"footnotes":""},"categories":[1],"tags":[],"class_list":["post-2331","post","type-post","status-publish","format-standard","hentry","category-veranstaltungen"],"_links":{"self":[{"href":"https:\/\/www.forum-soegel.de\/forum\/wp-json\/wp\/v2\/posts\/2331","targetHints":{"allow":["GET"]}}],"collection":[{"href":"https:\/\/www.forum-soegel.de\/forum\/wp-json\/wp\/v2\/posts"}],"about":[{"href":"https:\/\/www.forum-soegel.de\/forum\/wp-json\/wp\/v2\/types\/post"}],"author":[{"embeddable":true,"href":"https:\/\/www.forum-soegel.de\/forum\/wp-json\/wp\/v2\/users\/2"}],"replies":[{"embeddable":true,"href":"https:\/\/www.forum-soegel.de\/forum\/wp-json\/wp\/v2\/comments?post=2331"}],"version-history":[{"count":8,"href":"https:\/\/www.forum-soegel.de\/forum\/wp-json\/wp\/v2\/posts\/2331\/revisions"}],"predecessor-version":[{"id":2349,"href":"https:\/\/www.forum-soegel.de\/forum\/wp-json\/wp\/v2\/posts\/2331\/revisions\/2349"}],"wp:attachment":[{"href":"https:\/\/www.forum-soegel.de\/forum\/wp-json\/wp\/v2\/media?parent=2331"}],"wp:term":[{"taxonomy":"category","embeddable":true,"href":"https:\/\/www.forum-soegel.de\/forum\/wp-json\/wp\/v2\/categories?post=2331"},{"taxonomy":"post_tag","embeddable":true,"href":"https:\/\/www.forum-soegel.de\/forum\/wp-json\/wp\/v2\/tags?post=2331"}],"curies":[{"name":"wp","href":"https:\/\/api.w.org\/{rel}","templated":true}]}}