{"id":2283,"date":"2014-10-23T15:18:19","date_gmt":"2014-10-23T13:18:19","guid":{"rendered":"https:\/\/www.forum-soegel.de\/forum\/?p=2283"},"modified":"2014-10-23T15:18:19","modified_gmt":"2014-10-23T13:18:19","slug":"widerstand-%e2%80%93-aber-wie","status":"publish","type":"post","link":"https:\/\/www.forum-soegel.de\/forum\/archives\/2283","title":{"rendered":"Widerstand \u2013 aber wie?"},"content":{"rendered":"<p>Wie vielf\u00e4ltig war der Widerstand gegen den Nationalsozialismus? Welche Menschen standen dahinter und wie \u201ebezahlten\u201c sie daf\u00fcr? Anhand von Beispielen gab die in der Geschichts- und Zukunftswerkstatt des FORUM S\u00f6gel e.V. pr\u00e4sentierte Ausstellung \u201eWas konnten sie tun?\u201c die dazugeh\u00f6rigen Antworten. Sch\u00fclerinnen und Sch\u00fcler einer 10. Klasse des H\u00fcmmling Gymnasiums besuchten mit ihrer Geschichtslehrerin, Frau Ina Wester die Ausstellung. Aufgabe war, jeder sollte sich eine der 24 abgebildeten widerst\u00e4ndigen Personen vornehmen und deren Handeln rechtlich und moralisch bewerten. Tief ber\u00fchrt von den dramatischen Folgen von an sich einfachen Handlungen, wie zum Beispiel\u00a0 \u201eFeindsender abh\u00f6ren\u201c, \u201eFlugbl\u00e4tter verteilen\u201c waren sich die Sch\u00fcler\/innen einig, dass damals viel Mut dazu geh\u00f6rte und die Taten moralisch und, wenn auch nicht nach damaliger Norm, rechtlich der richtige Weg waren. An dieser Stelle leitete der Vorsitzende des FORUMs, Bernd Eggert, \u00fcber zu der Frage, wie ist denn Widerstand in der\u00a0 heutigen Zeit einzuordnen? Unter Hinweis auf das Grundgesetz und die Rechtsordnung der Bundesrepublik wurde dann anhand von Beispielen, wie Gorleben oder Stuttgart 21 diskutiert, wo Widerstand erlaubt, sogar gefordert ist, und wo die Grenzen von widerst\u00e4ndigem Handeln sind.<\/p>\n<p><a href=\"https:\/\/www.forum-soegel.de\/forum\/wp-content\/uploads\/DSC008146.jpg\"><img loading=\"lazy\" decoding=\"async\" class=\"alignleft size-thumbnail wp-image-2284\" title=\"DSC00814\" src=\"https:\/\/www.forum-soegel.de\/forum\/wp-content\/uploads\/DSC008146-150x150.jpg\" alt=\"\" width=\"150\" height=\"150\" \/><\/a> <a href=\"https:\/\/www.forum-soegel.de\/forum\/wp-content\/uploads\/2014-10-14-12.48.251.jpg\"><img loading=\"lazy\" decoding=\"async\" class=\"alignleft size-thumbnail wp-image-2286\" title=\"2014-10-14 12.48.25\" src=\"https:\/\/www.forum-soegel.de\/forum\/wp-content\/uploads\/2014-10-14-12.48.251-150x150.jpg\" alt=\"\" width=\"150\" height=\"150\" \/><\/a> <a href=\"https:\/\/www.forum-soegel.de\/forum\/wp-content\/uploads\/2014-10-14-12.48.08.jpg\"><img loading=\"lazy\" decoding=\"async\" class=\"alignleft size-thumbnail wp-image-2287\" title=\"2014-10-14 12.48.08\" src=\"https:\/\/www.forum-soegel.de\/forum\/wp-content\/uploads\/2014-10-14-12.48.08-150x150.jpg\" alt=\"\" width=\"150\" height=\"150\" \/><\/a><\/p>\n","protected":false},"excerpt":{"rendered":"Wie vielf\u00e4ltig war der Widerstand gegen den Nationalsozialismus? Welche Menschen standen dahinter und wie \u201ebezahlten\u201c sie daf\u00fcr? Anhand von Beispielen gab die in der Geschichts- und Zukunftswerkstatt des FORUM S\u00f6gel e.V. pr\u00e4sentierte Ausstellung \u201eWas konnten sie tun?\u201c die dazugeh\u00f6rigen Antworten. Sch\u00fclerinnen und Sch\u00fcler einer 10. Klasse des H\u00fcmmling Gymnasiums besuchten mit ihrer Geschichtslehrerin, Frau Ina [&hellip;]\n","protected":false},"author":2,"featured_media":0,"comment_status":"closed","ping_status":"closed","sticky":false,"template":"","format":"standard","meta":{"ngg_post_thumbnail":0,"footnotes":""},"categories":[1],"tags":[],"class_list":["post-2283","post","type-post","status-publish","format-standard","hentry","category-veranstaltungen"],"_links":{"self":[{"href":"https:\/\/www.forum-soegel.de\/forum\/wp-json\/wp\/v2\/posts\/2283","targetHints":{"allow":["GET"]}}],"collection":[{"href":"https:\/\/www.forum-soegel.de\/forum\/wp-json\/wp\/v2\/posts"}],"about":[{"href":"https:\/\/www.forum-soegel.de\/forum\/wp-json\/wp\/v2\/types\/post"}],"author":[{"embeddable":true,"href":"https:\/\/www.forum-soegel.de\/forum\/wp-json\/wp\/v2\/users\/2"}],"replies":[{"embeddable":true,"href":"https:\/\/www.forum-soegel.de\/forum\/wp-json\/wp\/v2\/comments?post=2283"}],"version-history":[{"count":4,"href":"https:\/\/www.forum-soegel.de\/forum\/wp-json\/wp\/v2\/posts\/2283\/revisions"}],"predecessor-version":[{"id":2293,"href":"https:\/\/www.forum-soegel.de\/forum\/wp-json\/wp\/v2\/posts\/2283\/revisions\/2293"}],"wp:attachment":[{"href":"https:\/\/www.forum-soegel.de\/forum\/wp-json\/wp\/v2\/media?parent=2283"}],"wp:term":[{"taxonomy":"category","embeddable":true,"href":"https:\/\/www.forum-soegel.de\/forum\/wp-json\/wp\/v2\/categories?post=2283"},{"taxonomy":"post_tag","embeddable":true,"href":"https:\/\/www.forum-soegel.de\/forum\/wp-json\/wp\/v2\/tags?post=2283"}],"curies":[{"name":"wp","href":"https:\/\/api.w.org\/{rel}","templated":true}]}}