{"id":2190,"date":"2014-10-12T12:05:52","date_gmt":"2014-10-12T10:05:52","guid":{"rendered":"https:\/\/www.forum-soegel.de\/forum\/?p=2190"},"modified":"2014-10-12T12:05:52","modified_gmt":"2014-10-12T10:05:52","slug":"vorstand-des-heimatvereins-harenems-zum-arbeitsbesuch-beim-forum","status":"publish","type":"post","link":"https:\/\/www.forum-soegel.de\/forum\/archives\/2190","title":{"rendered":"Vorstand des Heimatvereins Haren\/Ems zum Arbeitsbesuch beim FORUM"},"content":{"rendered":"<p>Am 9. Oktober besuchte der Vorstand des Heimatvereins Haren mit seinem Vorsitzenden Uli Schepers die Geschichts- und Zukunftswerkstatt des FORUM S\u00f6gel e.V..<\/p>\n<p>Der Heimatverein Haren z\u00e4hlt zu den \u00e4ltesten und gr\u00f6\u00dften Heimatvereinen des Emslands und betreibt das Harener Schifffahrts \u2013 sowie das M\u00fchlenmuseum. Das Treffen galt dem Gedankenaustausch, insbesondere \u00fcber museump\u00e4dagogische Aspekte\u00a0 der Ausstellungsgestaltung. Dar\u00fcber hinaus waren die beiden Vorst\u00e4nde sich einig, dass die Vernetzung zwischen den Vereinen weiter verbessert werden kann, um auf diese Weise notwendige Synergieeffekte frei zu setzen. Die Gespr\u00e4chsrunde soll fortgesetzt werden beim Gegenbesuch des FORUM Vorstands in der Stadt Haren.<\/p>\n<p><a href=\"https:\/\/www.forum-soegel.de\/forum\/wp-content\/uploads\/DSC_0090.jpg\"><img loading=\"lazy\" decoding=\"async\" class=\"alignleft size-large wp-image-2191\" title=\"DSC_0090\" src=\"https:\/\/www.forum-soegel.de\/forum\/wp-content\/uploads\/DSC_0090-1024x679.jpg\" alt=\"\" width=\"524\" height=\"347\" srcset=\"https:\/\/www.forum-soegel.de\/forum\/wp-content\/uploads\/DSC_0090-1024x679.jpg 1024w, https:\/\/www.forum-soegel.de\/forum\/wp-content\/uploads\/DSC_0090-300x199.jpg 300w, https:\/\/www.forum-soegel.de\/forum\/wp-content\/uploads\/DSC_0090.jpg 2000w\" sizes=\"auto, (max-width: 524px) 100vw, 524px\" \/><\/a><\/p>\n<p><a href=\"https:\/\/www.forum-soegel.de\/forum\/wp-content\/uploads\/DSC_00861.jpg\"><img loading=\"lazy\" decoding=\"async\" class=\"alignleft size-large wp-image-2199\" title=\"DSC_0086\" src=\"https:\/\/www.forum-soegel.de\/forum\/wp-content\/uploads\/DSC_00861-1024x679.jpg\" alt=\"\" width=\"524\" height=\"347\" srcset=\"https:\/\/www.forum-soegel.de\/forum\/wp-content\/uploads\/DSC_00861-1024x679.jpg 1024w, https:\/\/www.forum-soegel.de\/forum\/wp-content\/uploads\/DSC_00861-300x199.jpg 300w, https:\/\/www.forum-soegel.de\/forum\/wp-content\/uploads\/DSC_00861.jpg 2000w\" sizes=\"auto, (max-width: 524px) 100vw, 524px\" \/><\/a><\/p>\n","protected":false},"excerpt":{"rendered":"Am 9. Oktober besuchte der Vorstand des Heimatvereins Haren mit seinem Vorsitzenden Uli Schepers die Geschichts- und Zukunftswerkstatt des FORUM S\u00f6gel e.V.. Der Heimatverein Haren z\u00e4hlt zu den \u00e4ltesten und gr\u00f6\u00dften Heimatvereinen des Emslands und betreibt das Harener Schifffahrts \u2013 sowie das M\u00fchlenmuseum. Das Treffen galt dem Gedankenaustausch, insbesondere \u00fcber museump\u00e4dagogische Aspekte\u00a0 der Ausstellungsgestaltung. Dar\u00fcber [&hellip;]\n","protected":false},"author":2,"featured_media":0,"comment_status":"closed","ping_status":"closed","sticky":false,"template":"","format":"standard","meta":{"ngg_post_thumbnail":0,"footnotes":""},"categories":[1],"tags":[],"class_list":["post-2190","post","type-post","status-publish","format-standard","hentry","category-veranstaltungen"],"_links":{"self":[{"href":"https:\/\/www.forum-soegel.de\/forum\/wp-json\/wp\/v2\/posts\/2190","targetHints":{"allow":["GET"]}}],"collection":[{"href":"https:\/\/www.forum-soegel.de\/forum\/wp-json\/wp\/v2\/posts"}],"about":[{"href":"https:\/\/www.forum-soegel.de\/forum\/wp-json\/wp\/v2\/types\/post"}],"author":[{"embeddable":true,"href":"https:\/\/www.forum-soegel.de\/forum\/wp-json\/wp\/v2\/users\/2"}],"replies":[{"embeddable":true,"href":"https:\/\/www.forum-soegel.de\/forum\/wp-json\/wp\/v2\/comments?post=2190"}],"version-history":[{"count":10,"href":"https:\/\/www.forum-soegel.de\/forum\/wp-json\/wp\/v2\/posts\/2190\/revisions"}],"predecessor-version":[{"id":2203,"href":"https:\/\/www.forum-soegel.de\/forum\/wp-json\/wp\/v2\/posts\/2190\/revisions\/2203"}],"wp:attachment":[{"href":"https:\/\/www.forum-soegel.de\/forum\/wp-json\/wp\/v2\/media?parent=2190"}],"wp:term":[{"taxonomy":"category","embeddable":true,"href":"https:\/\/www.forum-soegel.de\/forum\/wp-json\/wp\/v2\/categories?post=2190"},{"taxonomy":"post_tag","embeddable":true,"href":"https:\/\/www.forum-soegel.de\/forum\/wp-json\/wp\/v2\/tags?post=2190"}],"curies":[{"name":"wp","href":"https:\/\/api.w.org\/{rel}","templated":true}]}}