{"id":2176,"date":"2014-10-09T18:37:00","date_gmt":"2014-10-09T16:37:00","guid":{"rendered":"https:\/\/www.forum-soegel.de\/forum\/?p=2176"},"modified":"2014-10-09T18:47:49","modified_gmt":"2014-10-09T16:47:49","slug":"forum-sogel-beim-tag-der-heimatvereine","status":"publish","type":"post","link":"https:\/\/www.forum-soegel.de\/forum\/archives\/2176","title":{"rendered":"FORUM S\u00f6gel beim Tag der Heimatvereine"},"content":{"rendered":"<p>Bei sonnigem Herbstwetter beteiligte sich das FORUM am Sonntag, den 28.09.2014 am Kreisheimattag in Aschendorf.<\/p>\n<p>Wir bekamen einen Stand in N\u00e4he der B\u00fchne zugewiesen, den wir mit unserer Powerpoint- Pr\u00e4sentation und unseren neusten B\u00fcchern best\u00fcckten. Auch hatten wir Plakate zu unserer aktuellen Wanderausstellung \u00fcber den Widerstand im 2. Weltkrieg \u201eWas konnten sie tun\u201c dabei. Durch die B\u00fchnenn\u00e4he hatten wir viele Besucher am Stand, die sich \u00fcber die Arbeit des FORUMS informierten. So kamen interessante Gespr\u00e4che auf und wir konnten viel \u00fcber die Ziele und Inhalte \u00a0unserer Geschichts- und Zukunftswerkstatt vermitteln<\/p>\n<p>Es ist immer wichtig seine Pr\u00e4senz bei diesen Veranstaltungen zu zeigen, damit sich der Grundgedanke des Vereins verbreitet.<\/p>\n<p><a href=\"https:\/\/www.forum-soegel.de\/forum\/wp-content\/uploads\/DSCN1638.jpg\"><img loading=\"lazy\" decoding=\"async\" class=\"alignleft size-large wp-image-2177\" title=\"DSCN1638\" src=\"https:\/\/www.forum-soegel.de\/forum\/wp-content\/uploads\/DSCN1638-1024x768.jpg\" alt=\"\" width=\"524\" height=\"393\" srcset=\"https:\/\/www.forum-soegel.de\/forum\/wp-content\/uploads\/DSCN1638-1024x768.jpg 1024w, https:\/\/www.forum-soegel.de\/forum\/wp-content\/uploads\/DSCN1638-300x225.jpg 300w, https:\/\/www.forum-soegel.de\/forum\/wp-content\/uploads\/DSCN1638.jpg 1500w\" sizes=\"auto, (max-width: 524px) 100vw, 524px\" \/><\/a><\/p>\n<p><a href=\"https:\/\/www.forum-soegel.de\/forum\/wp-content\/uploads\/DSCN1633.jpg\"> <\/a><\/p>\n<p><a href=\"https:\/\/www.forum-soegel.de\/forum\/wp-content\/uploads\/DSCN16331.jpg\"><img loading=\"lazy\" decoding=\"async\" class=\"alignleft size-large wp-image-2187\" title=\"DSCN1633\" src=\"https:\/\/www.forum-soegel.de\/forum\/wp-content\/uploads\/DSCN16331-1024x768.jpg\" alt=\"\" width=\"523\" height=\"392\" srcset=\"https:\/\/www.forum-soegel.de\/forum\/wp-content\/uploads\/DSCN16331-1024x768.jpg 1024w, https:\/\/www.forum-soegel.de\/forum\/wp-content\/uploads\/DSCN16331-300x225.jpg 300w, https:\/\/www.forum-soegel.de\/forum\/wp-content\/uploads\/DSCN16331.jpg 1500w\" sizes=\"auto, (max-width: 523px) 100vw, 523px\" \/><\/a><\/p>\n","protected":false},"excerpt":{"rendered":"Bei sonnigem Herbstwetter beteiligte sich das FORUM am Sonntag, den 28.09.2014 am Kreisheimattag in Aschendorf. Wir bekamen einen Stand in N\u00e4he der B\u00fchne zugewiesen, den wir mit unserer Powerpoint- Pr\u00e4sentation und unseren neusten B\u00fcchern best\u00fcckten. Auch hatten wir Plakate zu unserer aktuellen Wanderausstellung \u00fcber den Widerstand im 2. Weltkrieg \u201eWas konnten sie tun\u201c dabei. Durch [&hellip;]\n","protected":false},"author":2,"featured_media":0,"comment_status":"closed","ping_status":"closed","sticky":false,"template":"","format":"standard","meta":{"ngg_post_thumbnail":0,"footnotes":""},"categories":[1],"tags":[],"class_list":["post-2176","post","type-post","status-publish","format-standard","hentry","category-veranstaltungen"],"_links":{"self":[{"href":"https:\/\/www.forum-soegel.de\/forum\/wp-json\/wp\/v2\/posts\/2176","targetHints":{"allow":["GET"]}}],"collection":[{"href":"https:\/\/www.forum-soegel.de\/forum\/wp-json\/wp\/v2\/posts"}],"about":[{"href":"https:\/\/www.forum-soegel.de\/forum\/wp-json\/wp\/v2\/types\/post"}],"author":[{"embeddable":true,"href":"https:\/\/www.forum-soegel.de\/forum\/wp-json\/wp\/v2\/users\/2"}],"replies":[{"embeddable":true,"href":"https:\/\/www.forum-soegel.de\/forum\/wp-json\/wp\/v2\/comments?post=2176"}],"version-history":[{"count":6,"href":"https:\/\/www.forum-soegel.de\/forum\/wp-json\/wp\/v2\/posts\/2176\/revisions"}],"predecessor-version":[{"id":2186,"href":"https:\/\/www.forum-soegel.de\/forum\/wp-json\/wp\/v2\/posts\/2176\/revisions\/2186"}],"wp:attachment":[{"href":"https:\/\/www.forum-soegel.de\/forum\/wp-json\/wp\/v2\/media?parent=2176"}],"wp:term":[{"taxonomy":"category","embeddable":true,"href":"https:\/\/www.forum-soegel.de\/forum\/wp-json\/wp\/v2\/categories?post=2176"},{"taxonomy":"post_tag","embeddable":true,"href":"https:\/\/www.forum-soegel.de\/forum\/wp-json\/wp\/v2\/tags?post=2176"}],"curies":[{"name":"wp","href":"https:\/\/api.w.org\/{rel}","templated":true}]}}