{"id":2125,"date":"2014-10-09T18:23:07","date_gmt":"2014-10-09T16:23:07","guid":{"rendered":"https:\/\/www.forum-soegel.de\/forum\/?p=2125"},"modified":"2014-10-09T18:23:07","modified_gmt":"2014-10-09T16:23:07","slug":"landtagsprasident-besucht-forum-sogel","status":"publish","type":"post","link":"https:\/\/www.forum-soegel.de\/forum\/archives\/2125","title":{"rendered":"Landtagspr\u00e4sident besucht FORUM S\u00f6gel"},"content":{"rendered":"<p style=\"text-align: center;\">.<\/p>\n<p style=\"text-align: center;\"><a href=\"https:\/\/www.forum-soegel.de\/forum\/wp-content\/uploads\/Busemann-2.jpg\"><img loading=\"lazy\" decoding=\"async\" class=\"size-large wp-image-2126 aligncenter\" title=\"Landtagspr\u00e4sident besucht FORUM\" src=\"https:\/\/www.forum-soegel.de\/forum\/wp-content\/uploads\/Busemann-2-1024x768.jpg\" alt=\"\" width=\"498\" height=\"374\" srcset=\"https:\/\/www.forum-soegel.de\/forum\/wp-content\/uploads\/Busemann-2-1024x768.jpg 1024w, https:\/\/www.forum-soegel.de\/forum\/wp-content\/uploads\/Busemann-2-300x225.jpg 300w, https:\/\/www.forum-soegel.de\/forum\/wp-content\/uploads\/Busemann-2.jpg 2000w\" sizes=\"auto, (max-width: 498px) 100vw, 498px\" \/><\/a><\/p>\n<p>Bernd Busemann, Pr\u00e4sident des Nieders\u00e4chsischen Landtags, hatte sich einen besonderen Anlass f\u00fcr seinen Besuch in der Geschichts- und Zukunftswerkstatt des FORUM S\u00f6gel e.V. ausgew\u00e4hlt. Er traf dort auf Sch\u00fclerinnen und Sch\u00fcler des H\u00fcmmling-Gymnasiums mit deren Lehrer Henning Strotbek. Zuvor informierten der Vorsitzende Bernd Eggert und die anwesenden Mitglieder des Vorstands den Pr\u00e4sidenten \u00fcber die Ziele und Aufgaben des Vereins. Nach dem folgenden Rundgang durch die Werkstattr\u00e4ume zeigte Busemann sich begeistert von\u00a0 der Pr\u00e4sentation, so berichtet die EMS_Zeitung vom 4.Oktober. \u201eH\u00f6chstes fachliches und technisches Niveau\u201c bescheinigte er lobend den Gestaltern.<\/p>\n<p>Der besondere Anlass war nun, dass in der Werkstatt zur Zeit die Ausstellung \u201eWas konnten sie tun? \u201c- Widerstand im Nationalsozialismus \u2013 gezeigt wird. Anhand von Beispielen zeigt die Ausstellung, wie vielf\u00e4ltig und verschieden die Formen von Widerstand und die ihn aus\u00fcbenden Menschen waren, die letztlich fast alle daf\u00fcr mit dem Leben bezahlten.<\/p>\n<p>Es geht also um diejenigen Menschen in der 2. und 3. Reihe, die in der Gedenkkultur zum Widerstand kaum oder gar nicht Erw\u00e4hnung finden. Ihnen einen Namen und ein Gesicht zu geben, so Eggert, sei eines der Ziele f\u00fcr die Pr\u00e4sentation der Ausstellung, die von der Stiftung 20.Juli 1944 in Zusammenarbeit mit der Gedenkst\u00e4tte Deutscher Widerstand zusammengestellt wurde. Aufgabe f\u00fcr die Sch\u00fclerinnen und Sch\u00fcler war es nun, sich eine Person aus dem Kreis der abgebildeten Widerst\u00e4ndler vorzunehmen und deren Handeln rechtlich und moralisch zu bewerten. Die Ergebnisse wurden dann im Dialog mit dem Landtagspr\u00e4sidenten er\u00f6rtert. Dieser griff das weitere Ziel der Ausstellung auf, n\u00e4mlich das Thema \u201eWiderstand\u201c in die heutige Zeit zu projizieren Was erlaubt unsere Rechtsordnung und wo sind die Grenzen? Gorleben oder Stuttgart 21 seien nur zwei aktuelle Beispiele.<\/p>\n<p>Einen eindringlichen Appell richtete er an die Jugendlichen zum Abschluss der Gespr\u00e4chsrunde. Hinschauen nicht wegschauen, sich einbringen, informiert sein, das sind wesentliche Anforderungen an den m\u00fcndigen B\u00fcrger in unserem demokratischen Staatssystem.<\/p>\n","protected":false},"excerpt":{"rendered":". Bernd Busemann, Pr\u00e4sident des Nieders\u00e4chsischen Landtags, hatte sich einen besonderen Anlass f\u00fcr seinen Besuch in der Geschichts- und Zukunftswerkstatt des FORUM S\u00f6gel e.V. ausgew\u00e4hlt. Er traf dort auf Sch\u00fclerinnen und Sch\u00fcler des H\u00fcmmling-Gymnasiums mit deren Lehrer Henning Strotbek. Zuvor informierten der Vorsitzende Bernd Eggert und die anwesenden Mitglieder des Vorstands den Pr\u00e4sidenten \u00fcber die [&hellip;]\n","protected":false},"author":2,"featured_media":0,"comment_status":"closed","ping_status":"closed","sticky":false,"template":"","format":"standard","meta":{"ngg_post_thumbnail":0,"footnotes":""},"categories":[1],"tags":[],"class_list":["post-2125","post","type-post","status-publish","format-standard","hentry","category-veranstaltungen"],"_links":{"self":[{"href":"https:\/\/www.forum-soegel.de\/forum\/wp-json\/wp\/v2\/posts\/2125","targetHints":{"allow":["GET"]}}],"collection":[{"href":"https:\/\/www.forum-soegel.de\/forum\/wp-json\/wp\/v2\/posts"}],"about":[{"href":"https:\/\/www.forum-soegel.de\/forum\/wp-json\/wp\/v2\/types\/post"}],"author":[{"embeddable":true,"href":"https:\/\/www.forum-soegel.de\/forum\/wp-json\/wp\/v2\/users\/2"}],"replies":[{"embeddable":true,"href":"https:\/\/www.forum-soegel.de\/forum\/wp-json\/wp\/v2\/comments?post=2125"}],"version-history":[{"count":23,"href":"https:\/\/www.forum-soegel.de\/forum\/wp-json\/wp\/v2\/posts\/2125\/revisions"}],"predecessor-version":[{"id":2175,"href":"https:\/\/www.forum-soegel.de\/forum\/wp-json\/wp\/v2\/posts\/2125\/revisions\/2175"}],"wp:attachment":[{"href":"https:\/\/www.forum-soegel.de\/forum\/wp-json\/wp\/v2\/media?parent=2125"}],"wp:term":[{"taxonomy":"category","embeddable":true,"href":"https:\/\/www.forum-soegel.de\/forum\/wp-json\/wp\/v2\/categories?post=2125"},{"taxonomy":"post_tag","embeddable":true,"href":"https:\/\/www.forum-soegel.de\/forum\/wp-json\/wp\/v2\/tags?post=2125"}],"curies":[{"name":"wp","href":"https:\/\/api.w.org\/{rel}","templated":true}]}}